{"id":83568,"date":"2022-12-01T13:31:45","date_gmt":"2022-12-01T13:31:45","guid":{"rendered":"https:\/\/estado29.mx\/?p=83568"},"modified":"2022-12-01T13:31:45","modified_gmt":"2022-12-01T13:31:45","slug":"invita-coltlax-a-visitar-exposicion-temporal-de-acuarelas","status":"publish","type":"post","link":"https:\/\/estado29.mx\/?p=83568","title":{"rendered":"Invita coltlax a visitar exposici\u00f3n temporal de acuarelas"},"content":{"rendered":"\n<p>*La muestra de 32 cuadros plasma la riqueza del maguey y se puede observar en el Museo de la Memoria de Tlaxcala<\/p>\n\n\n\n<p>El Colegio de Tlaxcala, A.C. (Coltlax) invita al p\u00fablico en general a visitar la exposici\u00f3n temporal de acuarelas \u201cLos Caminos del Maguey y el Pulque: El Arte a su Rescate\u201d, que se exhibe en el Museo de la Memoria de Tlaxcala.<\/p>\n\n\n\n<p>Esta muestra de la autor\u00eda del profesor-investigador y miembro fundador de El Coltlax, Gonzalo Yanes D\u00edaz (QEPD), refleja la labor profesional en el rubro de la investigaci\u00f3n, as\u00ed como su compromiso social y humano, adem\u00e1s de ser autor de libros cient\u00edficos con ediciones urbanas-regionales.<\/p>\n\n\n\n<p>En el acto inaugural, el presidente de El Colegio, Seraf\u00edn R\u00edos Elorza destac\u00f3 la importancia de mostrar al p\u00fablico la relevancia hist\u00f3rica y cultural del maguey, como la planta emblem\u00e1tica de Mesoam\u00e9rica y Tlaxcala, as\u00ed como su ciclo de vida, desde su creaci\u00f3n en viveros, cultivo, crecimiento, desarrollo, extracci\u00f3n de aguamiel, producci\u00f3n y comercializaci\u00f3n, tomando como referencia el municipio de Nanacamilpa.<\/p>\n\n\n\n<p>El director del Instituto Nacional de Antropolog\u00eda e Historia (INAH), Diego Prieto Hern\u00e1ndez, resalt\u00f3 el trabajo art\u00edstico de Yanes Diaz, cuya destreza en el dibujo y la acuarela hizo inminente el resultado de su obra.<\/p>\n\n\n\n<p>En su intervenci\u00f3n, la directora del Archivo Hist\u00f3rico del Estado de Tlaxcala (AHET), Lesdy Liliana Ch\u00e1vez Cota, mencion\u00f3 que esta exposici\u00f3n muestra un legado art\u00edstico y plasma la riqueza natural de Tlaxcala, aportando al trabajo del Museo de la Memoria, el cual es difundir el arte de la identidad y permite la interpretaci\u00f3n del patrimonio.<\/p>\n\n\n\n<p>La muestra art\u00edstica se encuentra integrada por 32 acuarelas que reflejan la historia de la planta y el trabajo de los habitantes de nuestro estado para conservarla.<\/p>\n\n\n\n<p>Los interesados podr\u00e1n observar las obras hasta el lunes 5 de diciembre, de 10:00 a 17:00 horas, en el Museo de la Memoria, ubicado en Av. Independencia 3, colonia centro, Tlaxcala.<\/p>\n","protected":false},"excerpt":{"rendered":"<p>*La muestra de 32 cuadros plasma la riqueza del maguey y se puede observar en el Museo de la Memoria de Tlaxcala El Colegio de Tlaxcala, A.C. (Coltlax) invita al p\u00fablico en general a visitar la exposici\u00f3n temporal de acuarelas \u201cLos Caminos del Maguey y el Pulque: El Arte a su Rescate\u201d, que se exhibe [&hellip;]<\/p>\n","protected":false},"author":4,"featured_media":83569,"comment_status":"open","ping_status":"open","sticky":false,"template":"","format":"standard","meta":{"om_disable_all_campaigns":false,"_monsterinsights_skip_tracking":false,"_monsterinsights_sitenote_active":false,"_monsterinsights_sitenote_note":"","_monsterinsights_sitenote_category":0,"jnews-multi-image_gallery":[],"jnews_single_post":{"subtitle":"","format":"standard","video":"","gallery":"","source_name":"","source_url":"","via_name":"","via_url":"","override_template":"0","override":[{"template":"1","single_blog_custom":"","parallax":"1","fullscreen":"1","layout":"right-sidebar","sidebar":"default-sidebar","second_sidebar":"default-sidebar","sticky_sidebar":"1","share_position":"top","share_float_style":"share-monocrhome","show_share_counter":"1","show_view_counter":"1","show_featured":"1","show_post_meta":"1","show_post_author":"1","show_post_author_image":"1","show_post_date":"1","post_date_format":"default","post_date_format_custom":"Y\/m\/d","show_post_category":"1","show_post_reading_time":"0","post_reading_time_wpm":"300","show_zoom_button":"0","zoom_button_out_step":"2","zoom_button_in_step":"3","show_post_tag":"1","show_prev_next_post":"1","show_popup_post":"1","number_popup_post":"1","show_author_box":"1","show_post_related":"0","show_inline_post_related":"0"}],"override_image_size":"0","image_override":[{"single_post_thumbnail_size":"crop-500","single_post_gallery_size":"crop-500"}],"trending_post":"0","trending_post_position":"meta","trending_post_label":"Trending","sponsored_post":"0","sponsored_post_label":"Sponsored by","sponsored_post_name":"","sponsored_post_url":"","sponsored_post_logo_enable":"0","sponsored_post_logo":"","sponsored_post_desc":"","disable_ad":"0"},"jnews_primary_category":{"id":""},"footnotes":""},"categories":[80,43,52],"tags":[150,110,96],"class_list":["post-83568","post","type-post","status-publish","format-standard","has-post-thumbnail","hentry","category-educacion","category-estado","category-gobierno-de-tlaxcala","tag-gobierno-del-estado","tag-municipios","tag-tlaxcala"],"aioseo_notices":[],"_links":{"self":[{"href":"https:\/\/estado29.mx\/index.php?rest_route=\/wp\/v2\/posts\/83568","targetHints":{"allow":["GET"]}}],"collection":[{"href":"https:\/\/estado29.mx\/index.php?rest_route=\/wp\/v2\/posts"}],"about":[{"href":"https:\/\/estado29.mx\/index.php?rest_route=\/wp\/v2\/types\/post"}],"author":[{"embeddable":true,"href":"https:\/\/estado29.mx\/index.php?rest_route=\/wp\/v2\/users\/4"}],"replies":[{"embeddable":true,"href":"https:\/\/estado29.mx\/index.php?rest_route=%2Fwp%2Fv2%2Fcomments&post=83568"}],"version-history":[{"count":1,"href":"https:\/\/estado29.mx\/index.php?rest_route=\/wp\/v2\/posts\/83568\/revisions"}],"predecessor-version":[{"id":83570,"href":"https:\/\/estado29.mx\/index.php?rest_route=\/wp\/v2\/posts\/83568\/revisions\/83570"}],"wp:featuredmedia":[{"embeddable":true,"href":"https:\/\/estado29.mx\/index.php?rest_route=\/wp\/v2\/media\/83569"}],"wp:attachment":[{"href":"https:\/\/estado29.mx\/index.php?rest_route=%2Fwp%2Fv2%2Fmedia&parent=83568"}],"wp:term":[{"taxonomy":"category","embeddable":true,"href":"https:\/\/estado29.mx\/index.php?rest_route=%2Fwp%2Fv2%2Fcategories&post=83568"},{"taxonomy":"post_tag","embeddable":true,"href":"https:\/\/estado29.mx\/index.php?rest_route=%2Fwp%2Fv2%2Ftags&post=83568"}],"curies":[{"name":"wp","href":"https:\/\/api.w.org\/{rel}","templated":true}]}}