{"id":83574,"date":"2022-12-01T13:35:22","date_gmt":"2022-12-01T13:35:22","guid":{"rendered":"https:\/\/estado29.mx\/?p=83574"},"modified":"2022-12-01T13:35:23","modified_gmt":"2022-12-01T13:35:23","slug":"el-dia-que-sea-a-la-hora-que-sea-el-pri-va-a-votar-en-contra-del-secuestro-del-ine","status":"publish","type":"post","link":"https:\/\/estado29.mx\/?p=83574","title":{"rendered":"\u201cEl d\u00eda que sea, a la hora que sea, el PRI va a votar en contra del secuestro del INE\u201d"},"content":{"rendered":"\n<p>Una vez m\u00e1s lo decimos fuerte y claro, no importa si se mueve un d\u00eda, una semana o un mes, los Comit\u00e9s Estatales pri\u00edstas respaldamos a los legisladores pri\u00edstas en la votaci\u00f3n en contra de la propuesta de reforma electoral enviada por el gobierno de Morena, pues es consideramos que es un atentado a la autonom\u00eda de un \u00f3rgano regulador de la democr\u00e1cia y el equilibrio pol\u00edtico y social de nuestro pa\u00eds.<\/p>\n\n\n\n<p>Lo m\u00e1s importante es defender al INE, al Tribunal Electoral del Poder Judicial de la Federaci\u00f3n; jam\u00e1s restarles facultades o autonom\u00eda ni debilitarlos. Nosotros escuchamos y apoyamos lo que la sociedad respald\u00f3 el pasado 13 de noviembre en las calles, en esa jornada in\u00e9dita: el modelo democr\u00e1tico, la democracia y a las instituciones electorales; por eso nuestra posici\u00f3n derivar\u00e1 en embates, en ataques y se\u00f1alamientos, pero no aprobaremos nada que atente en contra de la libertad de los mexicanos.<\/p>\n\n\n\n<p>En el PRI sabemos que no son los tiempos para enviar una reforma electoral, lo importante es detener al crimen organizado en los procesos electorales y detener la violencia de g\u00e9nero. En eso debemos unirnos como fuerzas pol\u00edticas.<\/p>\n\n\n\n<p>Morena lo \u00fanico que provoca es polarizar al pa\u00eds, para que no se se\u00f1ale la carencia en resultados y el nulo trabajo por la mejor calidad de vida y condiciones de las y los mexicanos. Es prioritario resolver temas como la seguridad, los problemas en el sector salud y los temas de educaci\u00f3n.<\/p>\n\n\n\n<p>M\u00e9xico vive una urgente necesidad de inaugurar una nueva etapa pol\u00edtica, un r\u00e9gimen pol\u00edtico que se fortalezca con el cumplimiento de los ciudadanos. Una nueva etapa que deje atr\u00e1s el presidencialismo autoritario y la divisi\u00f3n que lastima, que no genera condiciones de competencia y por ende de progreso y mejores condiciones de vida.<\/p>\n","protected":false},"excerpt":{"rendered":"<p>Una vez m\u00e1s lo decimos fuerte y claro, no importa si se mueve un d\u00eda, una semana o un mes, los Comit\u00e9s Estatales pri\u00edstas respaldamos a los legisladores pri\u00edstas en la votaci\u00f3n en contra de la propuesta de reforma electoral enviada por el gobierno de Morena, pues es consideramos que es un atentado a la [&hellip;]<\/p>\n","protected":false},"author":4,"featured_media":83575,"comment_status":"open","ping_status":"open","sticky":false,"template":"","format":"standard","meta":{"om_disable_all_campaigns":false,"_monsterinsights_skip_tracking":false,"_monsterinsights_sitenote_active":false,"_monsterinsights_sitenote_note":"","_monsterinsights_sitenote_category":0,"jnews-multi-image_gallery":[],"jnews_single_post":{"subtitle":"","format":"standard","video":"","gallery":"","source_name":"","source_url":"","via_name":"","via_url":"","override_template":"0","override":[{"template":"1","single_blog_custom":"","parallax":"1","fullscreen":"1","layout":"right-sidebar","sidebar":"default-sidebar","second_sidebar":"default-sidebar","sticky_sidebar":"1","share_position":"top","share_float_style":"share-monocrhome","show_share_counter":"1","show_view_counter":"1","show_featured":"1","show_post_meta":"1","show_post_author":"1","show_post_author_image":"1","show_post_date":"1","post_date_format":"default","post_date_format_custom":"Y\/m\/d","show_post_category":"1","show_post_reading_time":"0","post_reading_time_wpm":"300","show_zoom_button":"0","zoom_button_out_step":"2","zoom_button_in_step":"3","show_post_tag":"1","show_prev_next_post":"1","show_popup_post":"1","number_popup_post":"1","show_author_box":"1","show_post_related":"0","show_inline_post_related":"0"}],"override_image_size":"0","image_override":[{"single_post_thumbnail_size":"crop-500","single_post_gallery_size":"crop-500"}],"trending_post":"0","trending_post_position":"meta","trending_post_label":"Trending","sponsored_post":"0","sponsored_post_label":"Sponsored by","sponsored_post_name":"","sponsored_post_url":"","sponsored_post_logo_enable":"0","sponsored_post_logo":"","sponsored_post_desc":"","disable_ad":"0"},"jnews_primary_category":{"id":""},"footnotes":""},"categories":[43,49,46],"tags":[],"class_list":["post-83574","post","type-post","status-publish","format-standard","has-post-thumbnail","hentry","category-estado","category-opinion","category-politica"],"aioseo_notices":[],"_links":{"self":[{"href":"https:\/\/estado29.mx\/index.php?rest_route=\/wp\/v2\/posts\/83574","targetHints":{"allow":["GET"]}}],"collection":[{"href":"https:\/\/estado29.mx\/index.php?rest_route=\/wp\/v2\/posts"}],"about":[{"href":"https:\/\/estado29.mx\/index.php?rest_route=\/wp\/v2\/types\/post"}],"author":[{"embeddable":true,"href":"https:\/\/estado29.mx\/index.php?rest_route=\/wp\/v2\/users\/4"}],"replies":[{"embeddable":true,"href":"https:\/\/estado29.mx\/index.php?rest_route=%2Fwp%2Fv2%2Fcomments&post=83574"}],"version-history":[{"count":1,"href":"https:\/\/estado29.mx\/index.php?rest_route=\/wp\/v2\/posts\/83574\/revisions"}],"predecessor-version":[{"id":83576,"href":"https:\/\/estado29.mx\/index.php?rest_route=\/wp\/v2\/posts\/83574\/revisions\/83576"}],"wp:featuredmedia":[{"embeddable":true,"href":"https:\/\/estado29.mx\/index.php?rest_route=\/wp\/v2\/media\/83575"}],"wp:attachment":[{"href":"https:\/\/estado29.mx\/index.php?rest_route=%2Fwp%2Fv2%2Fmedia&parent=83574"}],"wp:term":[{"taxonomy":"category","embeddable":true,"href":"https:\/\/estado29.mx\/index.php?rest_route=%2Fwp%2Fv2%2Fcategories&post=83574"},{"taxonomy":"post_tag","embeddable":true,"href":"https:\/\/estado29.mx\/index.php?rest_route=%2Fwp%2Fv2%2Ftags&post=83574"}],"curies":[{"name":"wp","href":"https:\/\/api.w.org\/{rel}","templated":true}]}}