{"id":83593,"date":"2022-12-02T13:21:53","date_gmt":"2022-12-02T13:21:53","guid":{"rendered":"https:\/\/estado29.mx\/?p=83593"},"modified":"2022-12-02T13:21:54","modified_gmt":"2022-12-02T13:21:54","slug":"detiene-ssc-a-dos-personas-por-delito-de-robo-a-comercio-en-apetatitlan","status":"publish","type":"post","link":"https:\/\/estado29.mx\/?p=83593","title":{"rendered":"Detiene ssc a dos personas por delito de robo a comercio en Apetatitl\u00e1n"},"content":{"rendered":"\n<p>\u2022 En acciones diferentes y por el se\u00f1alamiento directo de los afectados, fueron detenidas dos personas en flagrancia por robo<\/p>\n\n\n\n<p>Los elementos de la Secretar\u00eda de Seguridad Ciudadana (SSC), aseguraron a dos personas por su presunta responsabilidad en la comisi\u00f3n del delito de robo a comercio, en Chiautempan y Tlaxcala, como resultado de los recorridos de vigilancia y prevenci\u00f3n del delito.<\/p>\n\n\n\n<p>Gracias a una alerta del Servicio de Emergencias 911, los elementos policiales identificaron a Ang\u00e9lica N., de 18 a\u00f1os de edad, originaria del Estado de M\u00e9xico, quien estaba retenida por personal de seguridad del comercio con raz\u00f3n social \u201cBodega Aurrer\u00e1\u201d, luego de haber sido se\u00f1alada de sustraer mercanc\u00eda sin pagar.<\/p>\n\n\n\n<p>Por petici\u00f3n del personal, la mujer fue puesta a disposici\u00f3n de la representaci\u00f3n social competente para los procedimientos conducentes en su caso.<\/p>\n\n\n\n<p>Posteriormente, un menor de edad, originario de Puebla, fue asegurado tras un se\u00f1alamiento directo como el presunto responsable de sustraer un juego de 11 sartenes.<\/p>\n\n\n\n<p>Asimismo, Rolando N., fue asegurado por elementos de la delegaci\u00f3n Calpulalpan y puesto a disposici\u00f3n, luego de ser se\u00f1alado directamente por su presunta responsabilidad de ocasionar lesiones con su camioneta Ford, l\u00ednea Ranger, modelo 1993, en calle Ignacio Zaragoza, de la colonia Francisco Sarabia.<\/p>\n\n\n\n<p>En tanto, efectivos de la delegaci\u00f3n de Chiautempan, aseguraron a Eduardo N., de 27 a\u00f1os de edad sobre la unidad habitacional Santa Cruz Tlaxcala, ya que alteraba el orden p\u00fablico, por lo que fue puesto a disposici\u00f3n del juez calificador.<\/p>\n\n\n\n<p>La SSC reafirma su compromiso con la ciudadan\u00eda de mantener el orden y la paz social en la entidad.<\/p>\n\n\n\n<p><strong>oOo<\/strong><\/p>\n","protected":false},"excerpt":{"rendered":"<p>\u2022 En acciones diferentes y por el se\u00f1alamiento directo de los afectados, fueron detenidas dos personas en flagrancia por robo Los elementos de la Secretar\u00eda de Seguridad Ciudadana (SSC), aseguraron a dos personas por su presunta responsabilidad en la comisi\u00f3n del delito de robo a comercio, en Chiautempan y Tlaxcala, como resultado de los recorridos [&hellip;]<\/p>\n","protected":false},"author":4,"featured_media":83594,"comment_status":"open","ping_status":"open","sticky":false,"template":"","format":"standard","meta":{"om_disable_all_campaigns":false,"_monsterinsights_skip_tracking":false,"_monsterinsights_sitenote_active":false,"_monsterinsights_sitenote_note":"","_monsterinsights_sitenote_category":0,"jnews-multi-image_gallery":[],"jnews_single_post":{"subtitle":"","format":"standard","video":"","gallery":"","source_name":"","source_url":"","via_name":"","via_url":"","override_template":"0","override":[{"template":"1","single_blog_custom":"","parallax":"1","fullscreen":"1","layout":"right-sidebar","sidebar":"default-sidebar","second_sidebar":"default-sidebar","sticky_sidebar":"1","share_position":"top","share_float_style":"share-monocrhome","show_share_counter":"1","show_view_counter":"1","show_featured":"1","show_post_meta":"1","show_post_author":"1","show_post_author_image":"1","show_post_date":"1","post_date_format":"default","post_date_format_custom":"Y\/m\/d","show_post_category":"1","show_post_reading_time":"0","post_reading_time_wpm":"300","show_zoom_button":"0","zoom_button_out_step":"2","zoom_button_in_step":"3","show_post_tag":"1","show_prev_next_post":"1","show_popup_post":"1","number_popup_post":"1","show_author_box":"1","show_post_related":"0","show_inline_post_related":"0"}],"override_image_size":"0","image_override":[{"single_post_thumbnail_size":"crop-500","single_post_gallery_size":"crop-500"}],"trending_post":"0","trending_post_position":"meta","trending_post_label":"Trending","sponsored_post":"0","sponsored_post_label":"Sponsored by","sponsored_post_name":"","sponsored_post_url":"","sponsored_post_logo_enable":"0","sponsored_post_logo":"","sponsored_post_desc":"","disable_ad":"0"},"jnews_primary_category":{"id":""},"footnotes":""},"categories":[43,52],"tags":[150,110,119,118,96],"class_list":["post-83593","post","type-post","status-publish","format-standard","has-post-thumbnail","hentry","category-estado","category-gobierno-de-tlaxcala","tag-gobierno-del-estado","tag-municipios","tag-seguridad","tag-ssc","tag-tlaxcala"],"aioseo_notices":[],"_links":{"self":[{"href":"https:\/\/estado29.mx\/index.php?rest_route=\/wp\/v2\/posts\/83593","targetHints":{"allow":["GET"]}}],"collection":[{"href":"https:\/\/estado29.mx\/index.php?rest_route=\/wp\/v2\/posts"}],"about":[{"href":"https:\/\/estado29.mx\/index.php?rest_route=\/wp\/v2\/types\/post"}],"author":[{"embeddable":true,"href":"https:\/\/estado29.mx\/index.php?rest_route=\/wp\/v2\/users\/4"}],"replies":[{"embeddable":true,"href":"https:\/\/estado29.mx\/index.php?rest_route=%2Fwp%2Fv2%2Fcomments&post=83593"}],"version-history":[{"count":1,"href":"https:\/\/estado29.mx\/index.php?rest_route=\/wp\/v2\/posts\/83593\/revisions"}],"predecessor-version":[{"id":83595,"href":"https:\/\/estado29.mx\/index.php?rest_route=\/wp\/v2\/posts\/83593\/revisions\/83595"}],"wp:featuredmedia":[{"embeddable":true,"href":"https:\/\/estado29.mx\/index.php?rest_route=\/wp\/v2\/media\/83594"}],"wp:attachment":[{"href":"https:\/\/estado29.mx\/index.php?rest_route=%2Fwp%2Fv2%2Fmedia&parent=83593"}],"wp:term":[{"taxonomy":"category","embeddable":true,"href":"https:\/\/estado29.mx\/index.php?rest_route=%2Fwp%2Fv2%2Fcategories&post=83593"},{"taxonomy":"post_tag","embeddable":true,"href":"https:\/\/estado29.mx\/index.php?rest_route=%2Fwp%2Fv2%2Ftags&post=83593"}],"curies":[{"name":"wp","href":"https:\/\/api.w.org\/{rel}","templated":true}]}}