{"id":83608,"date":"2022-12-02T13:33:32","date_gmt":"2022-12-02T13:33:32","guid":{"rendered":"https:\/\/estado29.mx\/?p=83608"},"modified":"2022-12-02T13:33:32","modified_gmt":"2022-12-02T13:33:32","slug":"signa-convenio-de-colaboracion-fidecix-con-la-uatx","status":"publish","type":"post","link":"https:\/\/estado29.mx\/?p=83608","title":{"rendered":"Signa convenio de colaboraci\u00f3n FIDECIX con la UATx"},"content":{"rendered":"\n<p>*Los j\u00f3venes tendr\u00e1n la oportunidad de ganar experiencia en las empresas del sector industrial de Tlaxcala<\/p>\n\n\n\n<p>El gobierno del estado, a trav\u00e9s del Fideicomiso de Ciudad Industrial de Xicoht\u00e9ncatl (Fidecix) y la Facultad de Ciencias Econ\u00f3mico Administrativas de la Universidad Aut\u00f3noma de Tlaxcala (UATx), firmaron un convenio de colaboraci\u00f3n con el objetivo de vincular a egresados y estudiantes que buscan realizar sus pr\u00e1cticas profesionales.<\/p>\n\n\n\n<p>De esta forma se posibilita a los j\u00f3venes a tener m\u00e1s oportunidades de pertenecer y ganar experiencia en m\u00e1s de 80 empresas ubicadas en CIX I (Tetla), II (Huamantla) y III (Tlaxco).<\/p>\n\n\n\n<p>El titular del Fideicomiso, Humberto Mac\u00edas Romero coment\u00f3: \u201cdesde que la gobernadora Lorena Cu\u00e9llar Cisneros comenz\u00f3 con el nuevo proyecto de generar mayor n\u00famero de empleos para las y los tlaxcaltecas, pusimos \u00e9nfasis en el tema de la vinculaci\u00f3n entre instituciones educativas de nivel superior y el sector empresarial, por lo que se cre\u00f3 el Programa de Pasant\u00edas Fidecix, el cual fomenta la inserci\u00f3n de j\u00f3venes para que puedan adquirir la profesionalizaci\u00f3n laboral en este \u00e1mbito\u201d.<\/p>\n\n\n\n<p>En tanto, el director de la Facultad de CEA, Mario Franz Subieta Zecua explic\u00f3 que es una necesidad que los estudiantes sean part\u00edcipes del desarrollo industrial que se vive actualmente en la entidad.<\/p>\n\n\n\n<p>\u201cHoy el respaldo de Fidecix facilita muchas cosas para los universitarios, porque hay inter\u00e9s por parte de ellos para realizar sus pr\u00e1cticas profesionales en los parques industriales y qu\u00e9 mejor que proyectar sus habilidades y potencializarlos en la industria, desarrollando las actividades propias de su formaci\u00f3n\u201d, coment\u00f3.<\/p>\n\n\n\n<p>Durante la firma estuvieron presentes la responsable de Pr\u00e1cticas Profesionales de la Facultad de CEA, Mar\u00eda de Carmen Rodr\u00edguez Flandes; y la encargada de Vinculaci\u00f3n y el jefe del Departamento Jur\u00eddico de Fidecix, Mar\u00eda del Carmen Reyes Parada y Fernando Rocha Mac\u00edas, respectivamente.<\/p>\n","protected":false},"excerpt":{"rendered":"<p>*Los j\u00f3venes tendr\u00e1n la oportunidad de ganar experiencia en las empresas del sector industrial de Tlaxcala El gobierno del estado, a trav\u00e9s del Fideicomiso de Ciudad Industrial de Xicoht\u00e9ncatl (Fidecix) y la Facultad de Ciencias Econ\u00f3mico Administrativas de la Universidad Aut\u00f3noma de Tlaxcala (UATx), firmaron un convenio de colaboraci\u00f3n con el objetivo de vincular a [&hellip;]<\/p>\n","protected":false},"author":4,"featured_media":83609,"comment_status":"open","ping_status":"open","sticky":false,"template":"","format":"standard","meta":{"om_disable_all_campaigns":false,"_monsterinsights_skip_tracking":false,"_monsterinsights_sitenote_active":false,"_monsterinsights_sitenote_note":"","_monsterinsights_sitenote_category":0,"jnews-multi-image_gallery":[],"jnews_single_post":{"subtitle":"","format":"standard","video":"","gallery":"","source_name":"","source_url":"","via_name":"","via_url":"","override_template":"0","override":[{"template":"1","single_blog_custom":"","parallax":"1","fullscreen":"1","layout":"right-sidebar","sidebar":"default-sidebar","second_sidebar":"default-sidebar","sticky_sidebar":"1","share_position":"top","share_float_style":"share-monocrhome","show_share_counter":"1","show_view_counter":"1","show_featured":"1","show_post_meta":"1","show_post_author":"1","show_post_author_image":"1","show_post_date":"1","post_date_format":"default","post_date_format_custom":"Y\/m\/d","show_post_category":"1","show_post_reading_time":"0","post_reading_time_wpm":"300","show_zoom_button":"0","zoom_button_out_step":"2","zoom_button_in_step":"3","show_post_tag":"1","show_prev_next_post":"1","show_popup_post":"1","number_popup_post":"1","show_author_box":"1","show_post_related":"0","show_inline_post_related":"0"}],"override_image_size":"0","image_override":[{"single_post_thumbnail_size":"crop-500","single_post_gallery_size":"crop-500"}],"trending_post":"0","trending_post_position":"meta","trending_post_label":"Trending","sponsored_post":"0","sponsored_post_label":"Sponsored by","sponsored_post_name":"","sponsored_post_url":"","sponsored_post_logo_enable":"0","sponsored_post_logo":"","sponsored_post_desc":"","disable_ad":"0"},"jnews_primary_category":{"id":""},"footnotes":""},"categories":[80,43,52],"tags":[256,110,96,310],"class_list":["post-83608","post","type-post","status-publish","format-standard","has-post-thumbnail","hentry","category-educacion","category-estado","category-gobierno-de-tlaxcala","tag-fidecix","tag-municipios","tag-tlaxcala","tag-uatx"],"aioseo_notices":[],"_links":{"self":[{"href":"https:\/\/estado29.mx\/index.php?rest_route=\/wp\/v2\/posts\/83608","targetHints":{"allow":["GET"]}}],"collection":[{"href":"https:\/\/estado29.mx\/index.php?rest_route=\/wp\/v2\/posts"}],"about":[{"href":"https:\/\/estado29.mx\/index.php?rest_route=\/wp\/v2\/types\/post"}],"author":[{"embeddable":true,"href":"https:\/\/estado29.mx\/index.php?rest_route=\/wp\/v2\/users\/4"}],"replies":[{"embeddable":true,"href":"https:\/\/estado29.mx\/index.php?rest_route=%2Fwp%2Fv2%2Fcomments&post=83608"}],"version-history":[{"count":1,"href":"https:\/\/estado29.mx\/index.php?rest_route=\/wp\/v2\/posts\/83608\/revisions"}],"predecessor-version":[{"id":83610,"href":"https:\/\/estado29.mx\/index.php?rest_route=\/wp\/v2\/posts\/83608\/revisions\/83610"}],"wp:featuredmedia":[{"embeddable":true,"href":"https:\/\/estado29.mx\/index.php?rest_route=\/wp\/v2\/media\/83609"}],"wp:attachment":[{"href":"https:\/\/estado29.mx\/index.php?rest_route=%2Fwp%2Fv2%2Fmedia&parent=83608"}],"wp:term":[{"taxonomy":"category","embeddable":true,"href":"https:\/\/estado29.mx\/index.php?rest_route=%2Fwp%2Fv2%2Fcategories&post=83608"},{"taxonomy":"post_tag","embeddable":true,"href":"https:\/\/estado29.mx\/index.php?rest_route=%2Fwp%2Fv2%2Ftags&post=83608"}],"curies":[{"name":"wp","href":"https:\/\/api.w.org\/{rel}","templated":true}]}}