{"id":83614,"date":"2022-12-02T13:36:17","date_gmt":"2022-12-02T13:36:17","guid":{"rendered":"https:\/\/estado29.mx\/?p=83614"},"modified":"2022-12-02T13:36:17","modified_gmt":"2022-12-02T13:36:17","slug":"instituciones-constitucionales-autonomas-son-organos-de-control-del-poder","status":"publish","type":"post","link":"https:\/\/estado29.mx\/?p=83614","title":{"rendered":"Instituciones constitucionales aut\u00f3nomas son \u00f3rganos de control del poder"},"content":{"rendered":"\n<p><strong><em>Participa Consejero Presidente en panel \u201cInstituciones aut\u00f3nomas y derechos fundamentales\u201d, en el marco del 11\u00b0 Seminario Internacional Estado de Derecho(s) y combate a la corrupci\u00f3n en Am\u00e9rica Latina<\/em><\/strong><\/p>\n\n\n\n<p><strong><em>Vive M\u00e9xico privatizaci\u00f3n y diversificaci\u00f3n del uso de la violencia: Ciro Murayama<\/em><\/strong><\/p>\n\n\n\n<p>Los organismos constitucionales aut\u00f3nomos son \u00f3rganos de control del poder y producto de la evoluci\u00f3n del principio de divisi\u00f3n de poderes, afirm\u00f3 el Consejero Presidente del Instituto Nacional Electoral (INE), Lorenzo C\u00f3rdova Vianello.<\/p>\n\n\n\n<p>Al intervenir en el panel 1 del 11\u00ba Seminario Internacional Estado de Derecho(s) y combate a la corrupci\u00f3n en Am\u00e9rica Latina, titulado <em>Instituciones aut\u00f3nomas y derechos fundamentales<\/em>, explic\u00f3 que en M\u00e9xico todos los \u00f3rganos constitucionales aut\u00f3nomos cumplen funciones que son eminentemente t\u00e9cnicas y que, por lo tanto, \u201cdeben estar sustra\u00eddas al ejercicio a partir de determinadas visiones o posturas pol\u00edticas\u201d.<\/p>\n\n\n\n<p>En este sentido, estableci\u00f3 que la divisi\u00f3n de poderes y los organismos constitucionales aut\u00f3nomos buscan fortalecer los controles y contrapesos del poder. \u201cY es que los \u00f3rganos aut\u00f3nomos son \u00f3rganos de control, como tambi\u00e9n son los poderes en su rec\u00edproca interacci\u00f3n en una l\u00f3gica de una democracia constitucional\u201d, enfatiz\u00f3.<\/p>\n\n\n\n<p>En M\u00e9xico, precis\u00f3 el Presidente del INE, los organismos constitucionales tienen una caracter\u00edstica en particular: \u201cson uno de los productos que, en buena medida permitieron encauzar la transici\u00f3n a la democracia\u201d, es decir, surgieron como una manera de democratizar el sistema pol\u00edtico a partir de la sustracci\u00f3n de atribuciones que originalmente estaban en el gobierno.<\/p>\n\n\n\n<p>\u201cTodos los \u00f3rganos constitucionales aut\u00f3nomos en el pa\u00eds ejercen funciones que antes, en el presidencialismo autoritario del r\u00e9gimen del siglo pasado, se cumpl\u00edan por el gobierno\u201d, record\u00f3. Todos estos \u00f3rganos nacieron \u201ccomo una manera de erosionar ese hiperpresidencialismo que constitu\u00eda el problema fundamental a resolver para democratizarnos\u201d.<\/p>\n\n\n\n<p>C\u00f3rdova sostuvo que todo intento por reforzar el Ejecutivo en M\u00e9xico y en el mundo es un fen\u00f3meno claramente antidemocr\u00e1tico y, en este sentido, regresivo.<\/p>\n\n\n\n<p><strong><em>Instituciones aut\u00f3nomas son de origen inc\u00f3modas al poder<\/em><\/strong><\/p>\n\n\n\n<p>\u201cLos \u00f3rganos constitucionales aut\u00f3nomos, por su propia definici\u00f3n, son inc\u00f3modos al poder de cuyas atribuciones se sustrajeron y que es objeto justamente de la funci\u00f3n de control que desarrollamos\u201d, subray\u00f3 el Consejero Presidente del INE.<\/p>\n\n\n\n<p>Esta funci\u00f3n de control, detall\u00f3, no es solamente una de auditor\u00eda, \u201ces tambi\u00e9n una funci\u00f3n de garant\u00eda de derechos, precisamente porque la l\u00f3gica misma con la que surge el constitucionalismo moderno es el control y la regulaci\u00f3n de poder para garantizar las esferas de libertad\u201d.<\/p>\n\n\n\n<p>En este contexto, plante\u00f3 \u00bfpor qu\u00e9 es importante un \u00f3rgano que organiza elecciones y que no est\u00e9 sometido a los designios y las intenciones pol\u00edticas de un \u00f3rgano del Estado o de alg\u00fan partido, autonom\u00eda e independencia? \u201cPrecisamente para poder garantizar el efectivo cumplimiento y ejercicio de los derechos pol\u00edticos y lo mismo vale para el derecho a la informaci\u00f3n o el derecho a la libre competencia\u201d.<\/p>\n\n\n\n<p>C\u00f3rdova Vianello comparti\u00f3 este panel con el Auditor Superior del Estado de Jalisco, Jorge Alejandro Ortiz y la Comisionada del Instituto Nacional de Transparencia, Acceso a la Informaci\u00f3n y Protecci\u00f3n de Datos Personales (INAI), Norma Julieta del R\u00edo Venegas. El panel fue moderado por el Director de Proyectos de Estado de Derecho del World Justice Project, Alejandro Gonz\u00e1lez.<\/p>\n\n\n\n<p><strong><em>Padece el pa\u00eds privatizaci\u00f3n y diversificaci\u00f3n del uso de la violencia<\/em><\/strong><\/p>\n\n\n\n<p>M\u00e9xico est\u00e1 viviendo un fen\u00f3meno creciente de privatizaci\u00f3n y diversificaci\u00f3n del uso de la violencia, afirm\u00f3 el Consejero Ciro Murayama Rend\u00f3n, durante el panel 2 del Seminario Internacional, titulado <em>Procesos electorales: el desaf\u00edo de la violencia<\/em>.<\/p>\n\n\n\n<p>En este escenario, recalc\u00f3, \u201clos estados est\u00e1n siendo incapaces y, peor a\u00fan, renunciando a su misi\u00f3n del ejercicio del monopolio de la fuerza para garantizar la seguridad de los integrantes del Estado\u201d.<\/p>\n\n\n\n<p>Por su complejidad y su gravedad, Murayama apunt\u00f3 que este asunto no se puede minimizar, pero tampoco generalizar. \u201cEs decir, nos tenemos que acercar de la manera m\u00e1s objetiva posible\u201d.<\/p>\n\n\n\n<p><strong><em>INE no tiene atribuciones en materia de seguridad<\/em><\/strong><\/p>\n\n\n\n<p>Al referir la sentencia del Tribunal Electoral del Poder Judicial de la Federaci\u00f3n (TEPJF) por la que ordena al INE crear una pol\u00edtica electoral nacional para prevenir factores de riesgo de violencia electoral, el Consejero Murayama dej\u00f3 en claro que el Instituto no puede recuperar, generar ni transmitir informaci\u00f3n sobre seguridad nacional.<\/p>\n\n\n\n<p>\u201cLa tarea del INE es otra. Esta es la autoridad electoral administrativa del mundo con m\u00e1s tareas encomendadas. No sobrecarguemos su responsabilidad y menos en un campo donde no tenemos una sola persona con experiencia en la materia y donde se puede arriesgar la vida\u201d, exhort\u00f3 Murayama.<\/p>\n\n\n\n<p>Lo que s\u00ed hace el INE, expuso, es trabajar con las fuerzas de seguridad para coordinar c\u00f3mo se llevar\u00e1n los paquetes electorales a los distritos, c\u00f3mo se van a repartir a los presidentes de casilla y que ayuden al Instituto en las tareas de asistencia electoral para recuperar los paquetes y llevarlos a las oficinas donde se realiza el c\u00f3mputo.<\/p>\n\n\n\n<p>El Consejero Murayama concluy\u00f3 que la violencia, toda, ha crecido en el pa\u00eds; las elecciones ocurren en ese contexto y siguen siendo abrumadoramente un acto donde se ejercen derechos; es un riesgo para el Instituto que se le pida generar informaci\u00f3n sobre seguridad; no tiene atribuciones ni capacidad para enfrentar la violencia criminal. \u201cEl INE es s\u00f3lo una instituci\u00f3n civil y as\u00ed debe seguir\u201d, insisti\u00f3.<\/p>\n\n\n\n<p>Murayama Rend\u00f3n comparti\u00f3 el panel con el Especialista Principal de evaluaci\u00f3n de la democracia de IDEA Internacional, Miguel \u00c1ngel Lara; el Director del Programa Regional del National Democratic Institute (NDI) para Centroam\u00e9rica, Eduardo N\u00fa\u00f1ez; la Consejera Presidenta del Instituto Electoral de Participaci\u00f3n Ciudadana de Jalisco, Paula Ram\u00edrez H\u00f6hne y la Magistrada de la Sala Superior del Tribunal Electoral del Poder Judicial de la Federaci\u00f3n, Janine Ot\u00e1lora.<\/p>\n\n\n\n<p>Este panel fue moderado por el Director Ejecutivo de Capacitaci\u00f3n Electoral y Educaci\u00f3n C\u00edvica del INE, Roberto Heycher Cardiel Soto.<\/p>\n","protected":false},"excerpt":{"rendered":"<p>Participa Consejero Presidente en panel \u201cInstituciones aut\u00f3nomas y derechos fundamentales\u201d, en el marco del 11\u00b0 Seminario Internacional Estado de Derecho(s) y combate a la corrupci\u00f3n en Am\u00e9rica Latina Vive M\u00e9xico privatizaci\u00f3n y diversificaci\u00f3n del uso de la violencia: Ciro Murayama Los organismos constitucionales aut\u00f3nomos son \u00f3rganos de control del poder y producto de la evoluci\u00f3n [&hellip;]<\/p>\n","protected":false},"author":4,"featured_media":83615,"comment_status":"open","ping_status":"open","sticky":false,"template":"","format":"standard","meta":{"om_disable_all_campaigns":false,"_monsterinsights_skip_tracking":false,"_monsterinsights_sitenote_active":false,"_monsterinsights_sitenote_note":"","_monsterinsights_sitenote_category":0,"jnews-multi-image_gallery":[],"jnews_single_post":{"subtitle":"","format":"standard","video":"","gallery":"","source_name":"","source_url":"","via_name":"","via_url":"","override_template":"0","override":[{"template":"1","single_blog_custom":"","parallax":"1","fullscreen":"1","layout":"right-sidebar","sidebar":"default-sidebar","second_sidebar":"default-sidebar","sticky_sidebar":"1","share_position":"top","share_float_style":"share-monocrhome","show_share_counter":"1","show_view_counter":"1","show_featured":"1","show_post_meta":"1","show_post_author":"1","show_post_author_image":"1","show_post_date":"1","post_date_format":"default","post_date_format_custom":"Y\/m\/d","show_post_category":"1","show_post_reading_time":"0","post_reading_time_wpm":"300","show_zoom_button":"0","zoom_button_out_step":"2","zoom_button_in_step":"3","show_post_tag":"1","show_prev_next_post":"1","show_popup_post":"1","number_popup_post":"1","show_author_box":"1","show_post_related":"0","show_inline_post_related":"0"}],"override_image_size":"0","image_override":[{"single_post_thumbnail_size":"crop-500","single_post_gallery_size":"crop-500"}],"trending_post":"0","trending_post_position":"meta","trending_post_label":"Trending","sponsored_post":"0","sponsored_post_label":"Sponsored by","sponsored_post_name":"","sponsored_post_url":"","sponsored_post_logo_enable":"0","sponsored_post_logo":"","sponsored_post_desc":"","disable_ad":"0"},"jnews_primary_category":{"id":""},"footnotes":""},"categories":[43,51,46],"tags":[88,730,96],"class_list":["post-83614","post","type-post","status-publish","format-standard","has-post-thumbnail","hentry","category-estado","category-nacional","category-politica","tag-ine","tag-politica-2","tag-tlaxcala"],"aioseo_notices":[],"_links":{"self":[{"href":"https:\/\/estado29.mx\/index.php?rest_route=\/wp\/v2\/posts\/83614","targetHints":{"allow":["GET"]}}],"collection":[{"href":"https:\/\/estado29.mx\/index.php?rest_route=\/wp\/v2\/posts"}],"about":[{"href":"https:\/\/estado29.mx\/index.php?rest_route=\/wp\/v2\/types\/post"}],"author":[{"embeddable":true,"href":"https:\/\/estado29.mx\/index.php?rest_route=\/wp\/v2\/users\/4"}],"replies":[{"embeddable":true,"href":"https:\/\/estado29.mx\/index.php?rest_route=%2Fwp%2Fv2%2Fcomments&post=83614"}],"version-history":[{"count":1,"href":"https:\/\/estado29.mx\/index.php?rest_route=\/wp\/v2\/posts\/83614\/revisions"}],"predecessor-version":[{"id":83616,"href":"https:\/\/estado29.mx\/index.php?rest_route=\/wp\/v2\/posts\/83614\/revisions\/83616"}],"wp:featuredmedia":[{"embeddable":true,"href":"https:\/\/estado29.mx\/index.php?rest_route=\/wp\/v2\/media\/83615"}],"wp:attachment":[{"href":"https:\/\/estado29.mx\/index.php?rest_route=%2Fwp%2Fv2%2Fmedia&parent=83614"}],"wp:term":[{"taxonomy":"category","embeddable":true,"href":"https:\/\/estado29.mx\/index.php?rest_route=%2Fwp%2Fv2%2Fcategories&post=83614"},{"taxonomy":"post_tag","embeddable":true,"href":"https:\/\/estado29.mx\/index.php?rest_route=%2Fwp%2Fv2%2Ftags&post=83614"}],"curies":[{"name":"wp","href":"https:\/\/api.w.org\/{rel}","templated":true}]}}