{"id":83617,"date":"2022-12-02T13:41:02","date_gmt":"2022-12-02T13:41:02","guid":{"rendered":"https:\/\/estado29.mx\/?p=83617"},"modified":"2022-12-02T13:41:02","modified_gmt":"2022-12-02T13:41:02","slug":"tlaxcala-a-la-vanguardia-en-la-proteccion-y-restitucion-de-derechos-de-la-ninez-sedif","status":"publish","type":"post","link":"https:\/\/estado29.mx\/?p=83617","title":{"rendered":"Tlaxcala, a la vanguardia en la protecci\u00f3n y restituci\u00f3n de derechos de la ni\u00f1ez: SEDIF"},"content":{"rendered":"\n<p>*Capacitaron a personal de las Procuradur\u00edas Municipales de Protecci\u00f3n de Ni\u00f1as, Ni\u00f1as y Adolescentes<\/p>\n\n\n\n<p>Con la creaci\u00f3n, consolidaci\u00f3n y legitimaci\u00f3n de las 60 Procuradur\u00edas Municipales de Protecci\u00f3n de Ni\u00f1as, Ni\u00f1os y Adolescentes (Pmpnna), Tlaxcala est\u00e1 a la vanguardia en el pa\u00eds en la representaci\u00f3n, protecci\u00f3n y restituci\u00f3n de derechos de la ni\u00f1ez, as\u00ed lo inform\u00f3 la presidenta honor\u00edfica del Sistema Estatal para el Desarrollo Integral de la Familia (Sedif), Mariana Espinosa de los Monteros Cu\u00e9llar.<\/p>\n\n\n\n<p>Lo anterior lo dio a conocer durante la capacitaci\u00f3n a personal de las Procuradur\u00edas Municipales de Ni\u00f1as, Ni\u00f1os y Adolescentes, directores y elementos de seguridad de los 60 municipios del estado en Papalotla.<\/p>\n\n\n\n<p>La presidenta honor\u00edfica del Sistema Estatal DIF reconoci\u00f3 la colaboraci\u00f3n y trabajo incansable de las y los presidentes municipales, integrantes de los ayuntamientos, titulares de los Sistemas Municipales DIF y del personal de los equipos multidisciplinarios para hacer posible que Tlaxcala sea el primer estado en el pa\u00eds en consolidar las Procuradur\u00edas Municipales de Protecci\u00f3n, con cuyo trabajo \u201chemos transformando al estado de Tlaxcala en uno de los mejores del pa\u00eds en cuanto a protecci\u00f3n y atenci\u00f3n a ni\u00f1as, ni\u00f1os y adolescentes\u201d.<\/p>\n\n\n\n<p>Agreg\u00f3 que \u201ceste esfuerzo ha comenzado a generar un cambio de ra\u00edz en la ni\u00f1ez y adolescencia de Tlaxcala, mencionarles que no fue f\u00e1cil, cuando nos planteamos esta idea, el actual magistrado del Poder Judicial, Enrique Acoltzi que trabajaba como Procurador de Protecci\u00f3n de NNA en el Sedif, no pensamos nunca que llegar\u00edamos a rebasar nuestras expectativas y que nuestro alcance ser\u00eda en un 450 por ciento m\u00e1s de atenci\u00f3n para nuestras ni\u00f1as, ni\u00f1os y adolescentes\u201d.<\/p>\n\n\n\n<p>Mencion\u00f3 que detr\u00e1s de cada \u00e9xito hay un camino de esfuerzo y muchas personas involucradas, \u201centre ellas nuestra gobernadora Lorena Cu\u00e9llar Cisneros, quien desde el principio de su mandato ten\u00eda claro que hab\u00eda que escribir una nueva historia para la ni\u00f1ez y adolescencia de nuestro estado\u201d.<\/p>\n\n\n\n<p>Al respecto, el magistrado del Tribunal Superior de Justicia del Estado (TSJE), Enrique Acoltzi Conde record\u00f3 que como extitular de la Procuradur\u00eda de Protecci\u00f3n de Ni\u00f1as, Ni\u00f1os y Adolescentes del Sistema Estatal DIF, se siente satisfecho de la consolidaci\u00f3n de este sistema de protecci\u00f3n de ni\u00f1as, ni\u00f1os y adolescentes en Tlaxcala, lo cual no es un esfuerzo individual sino de mujeres, hombres e instituciones en favor de la representaci\u00f3n, protecci\u00f3n y restituci\u00f3n de los derechos de la ni\u00f1ez.<\/p>\n\n\n\n<p>\u201cNuestra obligaci\u00f3n como estado es que en cada tema en el que se involucre a NNA se garantice el respeto de sus derechos, y esa obligaci\u00f3n est\u00e1 siendo cumplida en Tlaxcala derivada de un acto de coraz\u00f3n de la presidenta honor\u00edfica del Sistema Estatal DIF porque cuando se present\u00f3 el proyecto de la Procuradur\u00edas Municipales no tuvo ninguna duda para realizarlo\u201d, destac\u00f3 Acoltzi Conde.<\/p>\n\n\n\n<p>En su oportunidad, el presidente municipal de Papalotla, Juan Octavio Rojas Cruz reconoci\u00f3 la labor que las Procuradur\u00edas Municipales de Protecci\u00f3n de NNA realizan para garantizar la protecci\u00f3n de los derechos de la ni\u00f1ez, elevar su calidad de vida y conseguir un impacto favorable en su desarrollo, con el fin de salvaguardar el inter\u00e9s superior de la ni\u00f1ez y la adolescencia.<\/p>\n\n\n\n<p>\u201cUn reconocimiento p\u00fablico al esfuerzo de los equipos multidisciplinarios de las Procuradur\u00edas Municipales de Protecci\u00f3n, hemos sido testigos del trabajo que realizan, del sacrificio, esfuerzo y dedicaci\u00f3n que ponen en su labor, por ello agradecemos ser sedes de estas capacitaciones a las procuradur\u00edas porque sabemos que la prioridad de nuestro gobierno es la lucha contra la violencia, la desigualdad y protecci\u00f3n de la ciudadan\u00eda\u201d, coment\u00f3 el alcalde.<\/p>\n\n\n\n<p>En el evento estuvieron presentes la directora general del Sistema Estatal DIF, Flor L\u00f3pez Hinojosa; la presidenta y el director del Sistema Municipal DIF, Esther Garc\u00eda D\u00e1vila y Gumaro Lara Berruecos, respectivamente, as\u00ed como integrantes del ayuntamiento de Papalotla.<\/p>\n","protected":false},"excerpt":{"rendered":"<p>*Capacitaron a personal de las Procuradur\u00edas Municipales de Protecci\u00f3n de Ni\u00f1as, Ni\u00f1as y Adolescentes Con la creaci\u00f3n, consolidaci\u00f3n y legitimaci\u00f3n de las 60 Procuradur\u00edas Municipales de Protecci\u00f3n de Ni\u00f1as, Ni\u00f1os y Adolescentes (Pmpnna), Tlaxcala est\u00e1 a la vanguardia en el pa\u00eds en la representaci\u00f3n, protecci\u00f3n y restituci\u00f3n de derechos de la ni\u00f1ez, as\u00ed lo inform\u00f3 [&hellip;]<\/p>\n","protected":false},"author":4,"featured_media":83618,"comment_status":"open","ping_status":"open","sticky":false,"template":"","format":"standard","meta":{"om_disable_all_campaigns":false,"_monsterinsights_skip_tracking":false,"_monsterinsights_sitenote_active":false,"_monsterinsights_sitenote_note":"","_monsterinsights_sitenote_category":0,"jnews-multi-image_gallery":[],"jnews_single_post":{"subtitle":"","format":"standard","video":"","gallery":"","source_name":"","source_url":"","via_name":"","via_url":"","override_template":"0","override":[{"template":"1","single_blog_custom":"","parallax":"1","fullscreen":"1","layout":"right-sidebar","sidebar":"default-sidebar","second_sidebar":"default-sidebar","sticky_sidebar":"1","share_position":"top","share_float_style":"share-monocrhome","show_share_counter":"1","show_view_counter":"1","show_featured":"1","show_post_meta":"1","show_post_author":"1","show_post_author_image":"1","show_post_date":"1","post_date_format":"default","post_date_format_custom":"Y\/m\/d","show_post_category":"1","show_post_reading_time":"0","post_reading_time_wpm":"300","show_zoom_button":"0","zoom_button_out_step":"2","zoom_button_in_step":"3","show_post_tag":"1","show_prev_next_post":"1","show_popup_post":"1","number_popup_post":"1","show_author_box":"1","show_post_related":"0","show_inline_post_related":"0"}],"override_image_size":"0","image_override":[{"single_post_thumbnail_size":"crop-500","single_post_gallery_size":"crop-500"}],"trending_post":"0","trending_post_position":"meta","trending_post_label":"Trending","sponsored_post":"0","sponsored_post_label":"Sponsored by","sponsored_post_name":"","sponsored_post_url":"","sponsored_post_logo_enable":"0","sponsored_post_logo":"","sponsored_post_desc":"","disable_ad":"0"},"jnews_primary_category":{"id":""},"footnotes":""},"categories":[80,43,52],"tags":[150,110,121,96],"class_list":["post-83617","post","type-post","status-publish","format-standard","has-post-thumbnail","hentry","category-educacion","category-estado","category-gobierno-de-tlaxcala","tag-gobierno-del-estado","tag-municipios","tag-sedif","tag-tlaxcala"],"aioseo_notices":[],"_links":{"self":[{"href":"https:\/\/estado29.mx\/index.php?rest_route=\/wp\/v2\/posts\/83617","targetHints":{"allow":["GET"]}}],"collection":[{"href":"https:\/\/estado29.mx\/index.php?rest_route=\/wp\/v2\/posts"}],"about":[{"href":"https:\/\/estado29.mx\/index.php?rest_route=\/wp\/v2\/types\/post"}],"author":[{"embeddable":true,"href":"https:\/\/estado29.mx\/index.php?rest_route=\/wp\/v2\/users\/4"}],"replies":[{"embeddable":true,"href":"https:\/\/estado29.mx\/index.php?rest_route=%2Fwp%2Fv2%2Fcomments&post=83617"}],"version-history":[{"count":1,"href":"https:\/\/estado29.mx\/index.php?rest_route=\/wp\/v2\/posts\/83617\/revisions"}],"predecessor-version":[{"id":83619,"href":"https:\/\/estado29.mx\/index.php?rest_route=\/wp\/v2\/posts\/83617\/revisions\/83619"}],"wp:featuredmedia":[{"embeddable":true,"href":"https:\/\/estado29.mx\/index.php?rest_route=\/wp\/v2\/media\/83618"}],"wp:attachment":[{"href":"https:\/\/estado29.mx\/index.php?rest_route=%2Fwp%2Fv2%2Fmedia&parent=83617"}],"wp:term":[{"taxonomy":"category","embeddable":true,"href":"https:\/\/estado29.mx\/index.php?rest_route=%2Fwp%2Fv2%2Fcategories&post=83617"},{"taxonomy":"post_tag","embeddable":true,"href":"https:\/\/estado29.mx\/index.php?rest_route=%2Fwp%2Fv2%2Ftags&post=83617"}],"curies":[{"name":"wp","href":"https:\/\/api.w.org\/{rel}","templated":true}]}}