{"id":83623,"date":"2022-12-02T13:45:34","date_gmt":"2022-12-02T13:45:34","guid":{"rendered":"https:\/\/estado29.mx\/?p=83623"},"modified":"2022-12-02T13:45:34","modified_gmt":"2022-12-02T13:45:34","slug":"conmemora-conalep-el-dia-del-profesional-tecnico-automotriz","status":"publish","type":"post","link":"https:\/\/estado29.mx\/?p=83623","title":{"rendered":"Conmemora CONALEP el d\u00eda del profesional t\u00e9cnico automotriz"},"content":{"rendered":"\n<p>*Realizar\u00e1n ciclo de conferencias y presentaci\u00f3n de proyectos en el plantel de Amaxac de Guerrero<\/p>\n\n\n\n<p>El Colegio Nacional de Educaci\u00f3n Profesional T\u00e9cnica (Conalep) de Tlaxcala inaugur\u00f3 el ciclo de conferencias \u201cEl camino del profesional t\u00e9cnico bachiller hacia nuevos horizontes\u201d, en el plantel de Amaxac de Guerrero, en el marco del D\u00eda del Profesional T\u00e9cnico Automotriz.<\/p>\n\n\n\n<p>Como parte de las actividades acad\u00e9micas que realiza la instituci\u00f3n educativa y en seguimiento a la pol\u00edtica p\u00fablica del gobierno del estado, encabezado por la gobernadora Lorena Cu\u00e9llar Cisneros, la academia de la especialidad de Mantenimiento Automotriz realizar\u00e1 durante dos d\u00edas este ciclo de pl\u00e1ticas con panelistas de universidades y de empresas automotrices, a fin de fortalecer las competencias y habilidades de las y los estudiantes.<\/p>\n\n\n\n<p>Durante la inauguraci\u00f3n del evento, el director general del subsistema, Moctezuma Bautista V\u00e1squez se\u00f1al\u00f3 que \u201cla conmemoraci\u00f3n de esta fecha es importante para nosotros, ya que es una carrera con m\u00e1s de 40 a\u00f1os de vida, que pocas instituciones educativas ofertan y aqu\u00ed tenemos la fortuna de contar con ella, la cual es insignia de Conalep\u201d.<\/p>\n\n\n\n<p>El directivo reconoci\u00f3 \u201cel esfuerzo loable de los maestros, tutores, personal administrativo, pero sobre todo a las y los padres de familia, para que hoy ustedes j\u00f3venes est\u00e9n aqu\u00ed prepar\u00e1ndose para dar bienestar a su comunidad en un futuro\u201d, esto ante alumnos de primer, tercer y quinto semestre de la carrera.<\/p>\n\n\n\n<p>Durante ambos d\u00edas se presentar\u00e1n cuatro conferencias entre las que se encuentran: \u201cJAC ventas, portafolio, innovaci\u00f3n y tecnolog\u00eda\u201d, \u201cQu\u00e9 se necesita para ser un profesional t\u00e9cnico automotriz\u201d, \u201cC\u00f3mo se prepara un equipo de carreras\u201d y \u201cExperiencia de vida, despu\u00e9s de egresar del sistema Conalep\u201d.<\/p>\n\n\n\n<p>Asimismo, se efectuar\u00e1n exhibiciones de diversos proyectos titulados \u201caerodin\u00e1mica automotriz\u201d, \u201cimplementaci\u00f3n de sensores\u201d, \u201cturbina Tesla, pulsador de proyectos, motor Wankel\u201d e \u201cinversor de giro\u201d, por parte de egresados de dicho plantel.<\/p>\n","protected":false},"excerpt":{"rendered":"<p>*Realizar\u00e1n ciclo de conferencias y presentaci\u00f3n de proyectos en el plantel de Amaxac de Guerrero El Colegio Nacional de Educaci\u00f3n Profesional T\u00e9cnica (Conalep) de Tlaxcala inaugur\u00f3 el ciclo de conferencias \u201cEl camino del profesional t\u00e9cnico bachiller hacia nuevos horizontes\u201d, en el plantel de Amaxac de Guerrero, en el marco del D\u00eda del Profesional T\u00e9cnico Automotriz. [&hellip;]<\/p>\n","protected":false},"author":4,"featured_media":83624,"comment_status":"open","ping_status":"open","sticky":false,"template":"","format":"standard","meta":{"om_disable_all_campaigns":false,"_monsterinsights_skip_tracking":false,"_monsterinsights_sitenote_active":false,"_monsterinsights_sitenote_note":"","_monsterinsights_sitenote_category":0,"jnews-multi-image_gallery":[],"jnews_single_post":{"subtitle":"","format":"standard","video":"","gallery":"","source_name":"","source_url":"","via_name":"","via_url":"","override_template":"0","override":[{"template":"1","single_blog_custom":"","parallax":"1","fullscreen":"1","layout":"right-sidebar","sidebar":"default-sidebar","second_sidebar":"default-sidebar","sticky_sidebar":"1","share_position":"top","share_float_style":"share-monocrhome","show_share_counter":"1","show_view_counter":"1","show_featured":"1","show_post_meta":"1","show_post_author":"1","show_post_author_image":"1","show_post_date":"1","post_date_format":"default","post_date_format_custom":"Y\/m\/d","show_post_category":"1","show_post_reading_time":"0","post_reading_time_wpm":"300","show_zoom_button":"0","zoom_button_out_step":"2","zoom_button_in_step":"3","show_post_tag":"1","show_prev_next_post":"1","show_popup_post":"1","number_popup_post":"1","show_author_box":"1","show_post_related":"0","show_inline_post_related":"0"}],"override_image_size":"0","image_override":[{"single_post_thumbnail_size":"crop-500","single_post_gallery_size":"crop-500"}],"trending_post":"0","trending_post_position":"meta","trending_post_label":"Trending","sponsored_post":"0","sponsored_post_label":"Sponsored by","sponsored_post_name":"","sponsored_post_url":"","sponsored_post_logo_enable":"0","sponsored_post_logo":"","sponsored_post_desc":"","disable_ad":"0"},"jnews_primary_category":{"id":""},"footnotes":""},"categories":[80,43,52],"tags":[150,110,96],"class_list":["post-83623","post","type-post","status-publish","format-standard","has-post-thumbnail","hentry","category-educacion","category-estado","category-gobierno-de-tlaxcala","tag-gobierno-del-estado","tag-municipios","tag-tlaxcala"],"aioseo_notices":[],"_links":{"self":[{"href":"https:\/\/estado29.mx\/index.php?rest_route=\/wp\/v2\/posts\/83623","targetHints":{"allow":["GET"]}}],"collection":[{"href":"https:\/\/estado29.mx\/index.php?rest_route=\/wp\/v2\/posts"}],"about":[{"href":"https:\/\/estado29.mx\/index.php?rest_route=\/wp\/v2\/types\/post"}],"author":[{"embeddable":true,"href":"https:\/\/estado29.mx\/index.php?rest_route=\/wp\/v2\/users\/4"}],"replies":[{"embeddable":true,"href":"https:\/\/estado29.mx\/index.php?rest_route=%2Fwp%2Fv2%2Fcomments&post=83623"}],"version-history":[{"count":1,"href":"https:\/\/estado29.mx\/index.php?rest_route=\/wp\/v2\/posts\/83623\/revisions"}],"predecessor-version":[{"id":83625,"href":"https:\/\/estado29.mx\/index.php?rest_route=\/wp\/v2\/posts\/83623\/revisions\/83625"}],"wp:featuredmedia":[{"embeddable":true,"href":"https:\/\/estado29.mx\/index.php?rest_route=\/wp\/v2\/media\/83624"}],"wp:attachment":[{"href":"https:\/\/estado29.mx\/index.php?rest_route=%2Fwp%2Fv2%2Fmedia&parent=83623"}],"wp:term":[{"taxonomy":"category","embeddable":true,"href":"https:\/\/estado29.mx\/index.php?rest_route=%2Fwp%2Fv2%2Fcategories&post=83623"},{"taxonomy":"post_tag","embeddable":true,"href":"https:\/\/estado29.mx\/index.php?rest_route=%2Fwp%2Fv2%2Ftags&post=83623"}],"curies":[{"name":"wp","href":"https:\/\/api.w.org\/{rel}","templated":true}]}}