{"id":83626,"date":"2022-12-02T13:47:20","date_gmt":"2022-12-02T13:47:20","guid":{"rendered":"https:\/\/estado29.mx\/?p=83626"},"modified":"2022-12-02T13:47:20","modified_gmt":"2022-12-02T13:47:20","slug":"con-educacion-sexual-y-entrega-de-metodos-anticonceptivos-previenen-en-tlaxcala-contagios-del-sida","status":"publish","type":"post","link":"https:\/\/estado29.mx\/?p=83626","title":{"rendered":"Con educaci\u00f3n sexual y entrega de m\u00e9todos anticonceptivos, previenen en Tlaxcala contagios del SIDA"},"content":{"rendered":"\n<p>*Conmemora sector salud el D\u00eda Mundial de la Lucha contra el virus<\/p>\n\n\n\n<p>Al conmemorar el D\u00eda Mundial de la Lucha contra el SIDA este 1 de diciembre, con el lema \u201cIgualdad Ya\u201d, el sector salud de Tlaxcala, a trav\u00e9s del Centro Ambulatorio para la Prevenci\u00f3n y Atenci\u00f3n en SIDA e Infecciones de Transmisi\u00f3n Sexual (Capasits), inform\u00f3 que en lo que va del a\u00f1o realiz\u00f3 16 mil 652 pruebas r\u00e1pidas para detectar el Virus de la Inmunodeficiencia Humana (VIH), S\u00edfilis y Hepatitis \u201cC\u201d en el estado.<\/p>\n\n\n\n<p>Tambi\u00e9n se otorgaron m\u00e1s de 85 mil m\u00e9todos anticonceptivos a la poblaci\u00f3n en general durante las campa\u00f1as de salud permanentes que se realizaron en los municipios de la entidad, con la finalidad de fomentar una cultura de prevenci\u00f3n de enfermedades de transmisi\u00f3n sexual entre la poblaci\u00f3n, principalmente en adolescentes, con lo cual se refrenda el compromiso de continuar con el trabajo que permita a los tlaxcaltecas evitar los contagios del virus.<\/p>\n\n\n\n<p>La responsable estatal del programa de VIH, Infecciones de Transmisi\u00f3n Sexual y Hepatitis \u201cC\u201d del sector salud de Tlaxcala, Hilda Andrea Arauz Montero explic\u00f3 que de manera continua se realizan acciones conjuntas con los ayuntamientos, instituciones de gobierno, escuelas, asociaciones civiles, as\u00ed como colectivos de diversidad sexual y comunidad LGBTI+ en Tlaxcala, a quienes se acercan los servicios mediante campa\u00f1as de prevenci\u00f3n y detecci\u00f3n del VIH mediante tamizajes masivos.<\/p>\n\n\n\n<p>El Capasits realiza tamizajes gratuitos a la poblaci\u00f3n clave como son las personas privadas de la libertad, por lo que se ha logrado tamizar al 85 por ciento en los tres Centros de Reinserci\u00f3n Social del estado, as\u00ed como en los centros de rehabilitaci\u00f3n de corta estancia.<\/p>\n\n\n\n<p>Durante 2022 se capacit\u00f3 al personal m\u00e9dico y param\u00e9dico de las tres jurisdicciones sanitarias en temas de diagn\u00f3stico y abordaje de VIH, embarazo y hepatitis \u201cC\u201d, as\u00ed como atenci\u00f3n gratuita a alrededor de mil 275 personas que son atendidas en el Centro Ambulatorio y dos hospitales, quienes llevan un seguimiento oportuno para mejorar sus condiciones de salud y vida.<\/p>\n\n\n\n<p>Como parte de la conmemoraci\u00f3n se entregaron reconocimientos por sus a\u00f1os de atenci\u00f3n y lucha contra el SIDA al coordinador m\u00e9dico Israel Flores Arenales, al director del programa VIH y derechos humanos del colectivo LGBTTTI+ Tlaxcala, Antonio Escobar Mu\u00f1oz, a la m\u00e9dico adscrita al Capasits, Rosalba D\u00edaz Camacho y al coordinador del colectivo Experiencias Positivas, Alfredo Tlatempa Romero.<\/p>\n\n\n\n<p>Tambi\u00e9n a la enfermera general, Eva Ledezma Meneses y al m\u00e9dico Santos S\u00e1nchez Rivas, ambos adscritos al Capasits, de igual forma al activista en la lucha por los derechos de la comunidad LGBTQTTT+, C\u00e9sar M\u00e9ndez Barbosa, que en su representaci\u00f3n recibi\u00f3 Guillermo Valencia Rojas.<\/p>\n\n\n\n<p>Galardones que fueron entregados por el secretario de Salud, Rigoberto Zamudio Meneses; la jefa del departamento de Epidemiolog\u00eda, Yuriria Meza Castillo; la directora de la Unidad de Especialidades M\u00e9dicas-Capasits, Diana Janeth Sandoval P\u00e9rez y la presidenta del Comit\u00e9 por la Dignidad y Diversidad Tlaxcala, Heizel S\u00e1nchez Nava.<\/p>\n\n\n\n<p>El 28 de noviembre pasado iniciaron las actividades con una marcha en silencio de la Plaza de la Constituci\u00f3n de Tlaxcala a las Escalinatas de los H\u00e9roes, tambi\u00e9n se realizaron acciones de tamizaje masivo, entre otras acciones m\u00e1s que culminar\u00e1n el viernes 2 de diciembre de 2022 con el Foro Estatal: Actualizaciones y Realidades en torno al VIH\/SIDA.<\/p>\n","protected":false},"excerpt":{"rendered":"<p>*Conmemora sector salud el D\u00eda Mundial de la Lucha contra el virus Al conmemorar el D\u00eda Mundial de la Lucha contra el SIDA este 1 de diciembre, con el lema \u201cIgualdad Ya\u201d, el sector salud de Tlaxcala, a trav\u00e9s del Centro Ambulatorio para la Prevenci\u00f3n y Atenci\u00f3n en SIDA e Infecciones de Transmisi\u00f3n Sexual (Capasits), [&hellip;]<\/p>\n","protected":false},"author":4,"featured_media":83627,"comment_status":"open","ping_status":"open","sticky":false,"template":"","format":"standard","meta":{"om_disable_all_campaigns":false,"_monsterinsights_skip_tracking":false,"_monsterinsights_sitenote_active":false,"_monsterinsights_sitenote_note":"","_monsterinsights_sitenote_category":0,"jnews-multi-image_gallery":[],"jnews_single_post":{"subtitle":"","format":"standard","video":"","gallery":"","source_name":"","source_url":"","via_name":"","via_url":"","override_template":"0","override":[{"template":"1","single_blog_custom":"","parallax":"1","fullscreen":"1","layout":"right-sidebar","sidebar":"default-sidebar","second_sidebar":"default-sidebar","sticky_sidebar":"1","share_position":"top","share_float_style":"share-monocrhome","show_share_counter":"1","show_view_counter":"1","show_featured":"1","show_post_meta":"1","show_post_author":"1","show_post_author_image":"1","show_post_date":"1","post_date_format":"default","post_date_format_custom":"Y\/m\/d","show_post_category":"1","show_post_reading_time":"0","post_reading_time_wpm":"300","show_zoom_button":"0","zoom_button_out_step":"2","zoom_button_in_step":"3","show_post_tag":"1","show_prev_next_post":"1","show_popup_post":"1","number_popup_post":"1","show_author_box":"1","show_post_related":"0","show_inline_post_related":"0"}],"override_image_size":"0","image_override":[{"single_post_thumbnail_size":"crop-500","single_post_gallery_size":"crop-500"}],"trending_post":"0","trending_post_position":"meta","trending_post_label":"Trending","sponsored_post":"0","sponsored_post_label":"Sponsored by","sponsored_post_name":"","sponsored_post_url":"","sponsored_post_logo_enable":"0","sponsored_post_logo":"","sponsored_post_desc":"","disable_ad":"0"},"jnews_primary_category":{"id":""},"footnotes":""},"categories":[43,52,81],"tags":[150,110,148,900,96],"class_list":["post-83626","post","type-post","status-publish","format-standard","has-post-thumbnail","hentry","category-estado","category-gobierno-de-tlaxcala","category-salud-estado","tag-gobierno-del-estado","tag-municipios","tag-sesa","tag-sida","tag-tlaxcala"],"aioseo_notices":[],"_links":{"self":[{"href":"https:\/\/estado29.mx\/index.php?rest_route=\/wp\/v2\/posts\/83626","targetHints":{"allow":["GET"]}}],"collection":[{"href":"https:\/\/estado29.mx\/index.php?rest_route=\/wp\/v2\/posts"}],"about":[{"href":"https:\/\/estado29.mx\/index.php?rest_route=\/wp\/v2\/types\/post"}],"author":[{"embeddable":true,"href":"https:\/\/estado29.mx\/index.php?rest_route=\/wp\/v2\/users\/4"}],"replies":[{"embeddable":true,"href":"https:\/\/estado29.mx\/index.php?rest_route=%2Fwp%2Fv2%2Fcomments&post=83626"}],"version-history":[{"count":1,"href":"https:\/\/estado29.mx\/index.php?rest_route=\/wp\/v2\/posts\/83626\/revisions"}],"predecessor-version":[{"id":83628,"href":"https:\/\/estado29.mx\/index.php?rest_route=\/wp\/v2\/posts\/83626\/revisions\/83628"}],"wp:featuredmedia":[{"embeddable":true,"href":"https:\/\/estado29.mx\/index.php?rest_route=\/wp\/v2\/media\/83627"}],"wp:attachment":[{"href":"https:\/\/estado29.mx\/index.php?rest_route=%2Fwp%2Fv2%2Fmedia&parent=83626"}],"wp:term":[{"taxonomy":"category","embeddable":true,"href":"https:\/\/estado29.mx\/index.php?rest_route=%2Fwp%2Fv2%2Fcategories&post=83626"},{"taxonomy":"post_tag","embeddable":true,"href":"https:\/\/estado29.mx\/index.php?rest_route=%2Fwp%2Fv2%2Ftags&post=83626"}],"curies":[{"name":"wp","href":"https:\/\/api.w.org\/{rel}","templated":true}]}}