{"id":83640,"date":"2022-12-06T13:30:34","date_gmt":"2022-12-06T13:30:34","guid":{"rendered":"https:\/\/estado29.mx\/?p=83640"},"modified":"2022-12-06T13:30:35","modified_gmt":"2022-12-06T13:30:35","slug":"inauguraron-gobernadora-lorena-cuellar-y-subsecretario-alejandro-encinas-nuevas-instalaciones-del-cjm","status":"publish","type":"post","link":"https:\/\/estado29.mx\/?p=83640","title":{"rendered":"Inauguraron gobernadora Lorena Cu\u00e9llar y subsecretario Alejandro Encinas nuevas instalaciones del CJM"},"content":{"rendered":"\n<p>*Este espacio garantizar\u00e1 el acceso a la justicia de las mujeres v\u00edctimas de violencia y sus hijos, en un ambiente seguro y confiable<\/p>\n\n\n\n<p>La gobernadora Lorena Cu\u00e9llar Cisneros y el subsecretario de Derechos Humanos, Poblaci\u00f3n y Migraci\u00f3n de la Secretar\u00eda de Gobernaci\u00f3n (Segob), Alejandro Encinas Rodr\u00edguez, inauguraron las nuevas instalaciones del Centro de Justicia para las Mujeres (CJM), donde se concentrar\u00e1n los servicios especializados para dar atenci\u00f3n profesional y adecuada a v\u00edctimas de violencia.<\/p>\n\n\n\n<p>Durante el acto protocolario, la titular del Ejecutivo local enfatiz\u00f3 que su gobierno tiene un gran compromiso con la poblaci\u00f3n femenil y por ello fueron dise\u00f1adas diversas acciones para garantizarles igualdad de oportunidades, pero sobre todo una vida libre de violencia.<\/p>\n\n\n\n<p>\u201cAbrir este Centro es una gran oportunidad para trabajar muy de cerca con ellas, en sus necesidades y sobre todo en los momentos m\u00e1s dif\u00edciles; hoy cualquier delito que es cometido contra una mujer o una ni\u00f1a lo atendemos desde el inicio como causas de feminicidio hasta en tanto no se haga la investigaci\u00f3n (\u2026) en este gobierno somos muchas las mujeres que estamos sirviendo a otras mujeres y abri\u00e9ndoles el paso\u201d, resalt\u00f3.<\/p>\n\n\n\n<p>En su intervenci\u00f3n, el subsecretario Alejandro Encinas Rodr\u00edguez se\u00f1al\u00f3 que la representaci\u00f3n de las mujeres en los tres poderes del estado da una nueva visi\u00f3n a la conducci\u00f3n de los asuntos p\u00fablicos, en tal sentido que durante el primer a\u00f1o de gesti\u00f3n de la gobernadora Lorena Cu\u00e9llar se incrementaron significativamente las obras, la inversi\u00f3n p\u00fablica, la seguridad y se hizo frente a los actos de corrupci\u00f3n y el dispendio.<\/p>\n\n\n\n<p>\u201cDe manera tal que tenemos todas las condiciones para enfrentar esta situaci\u00f3n de las violencias contra las mujeres, particularmente la trata de personas que en algunos puntos del estado sigue siendo uno de los principales problemas y esperamos que el esfuerzo que se est\u00e1 desarrollando d\u00e9 resultados en un corto plazo\u201d, sostuvo.<\/p>\n\n\n\n<p>A su vez, la titular de la Comisi\u00f3n Nacional para Prevenir y Erradicar la Violencia contra las Mujeres (Conavim), Fabiola Alan\u00eds S\u00e1mano, inform\u00f3 que como resultado de la colaboraci\u00f3n ente el gobierno estatal y federal, a Tlaxcala le fueron asignados este a\u00f1o 34 millones de pesos para mejorar los servicios de atenci\u00f3n, prevenci\u00f3n, sanci\u00f3n y erradicaci\u00f3n de la violencia contra las mujeres.<\/p>\n\n\n\n<p>Detall\u00f3 que, de ese recurso, 9.2 millones de pesos se destinaron al Programa de Apoyo a las Mujeres en las Entidades Federativas (Paimef), lo que permiti\u00f3 la instalaci\u00f3n de 12 Centros de Atenci\u00f3n Especializada, una l\u00ednea telef\u00f3nica ubicada en el C5i y una Unidad Especializada de Atenci\u00f3n; con 18.8 millones de pesos crearon cuatro refugios especializados y dos centros de atenci\u00f3n externa para las mujeres; y 3.4 millones de pesos fueron para respaldar las acciones realizadas para dar cumplimiento a las recomendaciones de la Alerta de Violencia de G\u00e9nero (AVG).<\/p>\n\n\n\n<p>\u201cEs posible eliminar las violencias que afectan a las mujeres y a las ni\u00f1as, lo \u00fanico que tenemos que hacer es cada quien lo que nos toca, lo que nos corresponde, aplicando los protocolos (\u2026) y por supuesto entender que es necesario atender estas conductas y violencias con perspectiva de g\u00e9nero, identificando el contexto en el que se desenvuelven y erradicar las causas\u201d, apunt\u00f3.<\/p>\n\n\n\n<p>En tanto, la procuradora General de Justicia del estado, Ernestina Carro Rold\u00e1n y la directora del CJM, Gabriela Hern\u00e1ndez Montiel, expusieron que este espacio garantizar\u00e1 el acceso a la justicia de las mujeres v\u00edctimas y sus hijos, en un ambiente seguro y confiable, al concentrar servicios especializados de trabajo social, jur\u00eddico, psicol\u00f3gico, \u00e1rea l\u00fadica, estancia transitoria, empoderamiento, ministerio p\u00fablico con personal profesional y capacitado.<\/p>\n\n\n\n<p>A este evento asistieron la titular de la Comisi\u00f3n Ejecutiva de Atenci\u00f3n a V\u00edctimas, Martha Yuridia Rodr\u00edguez Estrada; las presidentas de la Mesa Directiva del Congreso local, Leticia Mart\u00ednez Cer\u00f3n; del Tribunal Superior de Justicia del Estado (TSJE), Mary Cruz Cort\u00e9s Ornelas y de la Comisi\u00f3n Estatal de Derechos Humanos (CEDH), Jakqueline Ordo\u00f1ez Brasdefer.<\/p>\n\n\n\n<p>As\u00ed como los secretarios de Gobierno, Sergio Gonz\u00e1lez Hern\u00e1ndez y de Infraestructura, Alfonso S\u00e1nchez Garc\u00eda; la presidenta honorifica del DIF Estatal, Mariana Espinosa de los Monteros Cu\u00e9llar; el diputado federal, Steve del Razo Montiel, legisladores locales y presidentes municipales.<\/p>\n","protected":false},"excerpt":{"rendered":"<p>*Este espacio garantizar\u00e1 el acceso a la justicia de las mujeres v\u00edctimas de violencia y sus hijos, en un ambiente seguro y confiable La gobernadora Lorena Cu\u00e9llar Cisneros y el subsecretario de Derechos Humanos, Poblaci\u00f3n y Migraci\u00f3n de la Secretar\u00eda de Gobernaci\u00f3n (Segob), Alejandro Encinas Rodr\u00edguez, inauguraron las nuevas instalaciones del Centro de Justicia para [&hellip;]<\/p>\n","protected":false},"author":4,"featured_media":83641,"comment_status":"open","ping_status":"open","sticky":false,"template":"","format":"standard","meta":{"om_disable_all_campaigns":false,"_monsterinsights_skip_tracking":false,"_monsterinsights_sitenote_active":false,"_monsterinsights_sitenote_note":"","_monsterinsights_sitenote_category":0,"jnews-multi-image_gallery":[],"jnews_single_post":{"subtitle":"","format":"standard","video":"","gallery":"","source_name":"","source_url":"","via_name":"","via_url":"","override_template":"0","override":[{"template":"1","single_blog_custom":"","parallax":"1","fullscreen":"1","layout":"right-sidebar","sidebar":"default-sidebar","second_sidebar":"default-sidebar","sticky_sidebar":"1","share_position":"top","share_float_style":"share-monocrhome","show_share_counter":"1","show_view_counter":"1","show_featured":"1","show_post_meta":"1","show_post_author":"1","show_post_author_image":"1","show_post_date":"1","post_date_format":"default","post_date_format_custom":"Y\/m\/d","show_post_category":"1","show_post_reading_time":"0","post_reading_time_wpm":"300","show_zoom_button":"0","zoom_button_out_step":"2","zoom_button_in_step":"3","show_post_tag":"1","show_prev_next_post":"1","show_popup_post":"1","number_popup_post":"1","show_author_box":"1","show_post_related":"0","show_inline_post_related":"0"}],"override_image_size":"0","image_override":[{"single_post_thumbnail_size":"crop-500","single_post_gallery_size":"crop-500"}],"trending_post":"0","trending_post_position":"meta","trending_post_label":"Trending","sponsored_post":"0","sponsored_post_label":"Sponsored by","sponsored_post_name":"","sponsored_post_url":"","sponsored_post_logo_enable":"0","sponsored_post_logo":"","sponsored_post_desc":"","disable_ad":"0"},"jnews_primary_category":{"id":""},"footnotes":""},"categories":[43,52],"tags":[150,110,96],"class_list":["post-83640","post","type-post","status-publish","format-standard","has-post-thumbnail","hentry","category-estado","category-gobierno-de-tlaxcala","tag-gobierno-del-estado","tag-municipios","tag-tlaxcala"],"aioseo_notices":[],"_links":{"self":[{"href":"https:\/\/estado29.mx\/index.php?rest_route=\/wp\/v2\/posts\/83640","targetHints":{"allow":["GET"]}}],"collection":[{"href":"https:\/\/estado29.mx\/index.php?rest_route=\/wp\/v2\/posts"}],"about":[{"href":"https:\/\/estado29.mx\/index.php?rest_route=\/wp\/v2\/types\/post"}],"author":[{"embeddable":true,"href":"https:\/\/estado29.mx\/index.php?rest_route=\/wp\/v2\/users\/4"}],"replies":[{"embeddable":true,"href":"https:\/\/estado29.mx\/index.php?rest_route=%2Fwp%2Fv2%2Fcomments&post=83640"}],"version-history":[{"count":1,"href":"https:\/\/estado29.mx\/index.php?rest_route=\/wp\/v2\/posts\/83640\/revisions"}],"predecessor-version":[{"id":83642,"href":"https:\/\/estado29.mx\/index.php?rest_route=\/wp\/v2\/posts\/83640\/revisions\/83642"}],"wp:featuredmedia":[{"embeddable":true,"href":"https:\/\/estado29.mx\/index.php?rest_route=\/wp\/v2\/media\/83641"}],"wp:attachment":[{"href":"https:\/\/estado29.mx\/index.php?rest_route=%2Fwp%2Fv2%2Fmedia&parent=83640"}],"wp:term":[{"taxonomy":"category","embeddable":true,"href":"https:\/\/estado29.mx\/index.php?rest_route=%2Fwp%2Fv2%2Fcategories&post=83640"},{"taxonomy":"post_tag","embeddable":true,"href":"https:\/\/estado29.mx\/index.php?rest_route=%2Fwp%2Fv2%2Ftags&post=83640"}],"curies":[{"name":"wp","href":"https:\/\/api.w.org\/{rel}","templated":true}]}}