{"id":83652,"date":"2022-12-06T13:39:36","date_gmt":"2022-12-06T13:39:36","guid":{"rendered":"https:\/\/estado29.mx\/?p=83652"},"modified":"2022-12-06T13:39:37","modified_gmt":"2022-12-06T13:39:37","slug":"celebra-sepe-tercera-sesion-ordinaria-de-la-comision-estatal-para-la-planeacion-de-la-educacion-superior","status":"publish","type":"post","link":"https:\/\/estado29.mx\/?p=83652","title":{"rendered":"Celebra sepe tercera sesi\u00f3n ordinaria de la comisi\u00f3n estatal para la planeaci\u00f3n de la educaci\u00f3n superior"},"content":{"rendered":"\n<p>*Aprueban propuesta de iniciativa de ley para presentarla al Congreso del estado<\/p>\n\n\n\n<p>Con el prop\u00f3sito de fortalecer la cobertura educativa, el titular de la Secretar\u00eda de Educaci\u00f3n P\u00fablica del Estado (SEPE), Homero Meneses Hern\u00e1ndez encabez\u00f3 la Tercera Sesi\u00f3n Ordinaria de la Comisi\u00f3n Estatal para la Planeaci\u00f3n de la Educaci\u00f3n Superior (Coepes), con la participaci\u00f3n de directores de universidades e institutos tecnol\u00f3gicos de la entidad.<\/p>\n\n\n\n<p>Durante el evento celebrado en la sala \u201cLucio Caba\u00f1as Barrientos\u201d de oficinas centrales, los integrantes de la Coepes aprobaron de manera un\u00e1nime la propuesta de iniciativa de Ley de Educaci\u00f3n Superior del Estado de Tlaxcala para que se presente ante el Congreso del estado.<\/p>\n\n\n\n<p>En su intervenci\u00f3n, Meneses Hern\u00e1ndez mencion\u00f3 que en el Plan Estatal de Desarrollo 2021-2027, est\u00e1n establecidas las l\u00edneas de acci\u00f3n y estrategias que contemplan a todos los niveles del sector educativo.<\/p>\n\n\n\n<p>Tambi\u00e9n habl\u00f3 de la importancia de convocar a la concurrencia a los diferentes \u00f3rdenes de gobierno, en especial con los presidentes municipales, para poder fortalecer la educaci\u00f3n en todos sus niveles.<\/p>\n\n\n\n<p>En su participaci\u00f3n, el rector de la Universidad Tecnol\u00f3gica de Tlaxcala (UTT), Marco Antonio Castillo Hern\u00e1ndez present\u00f3 el Programa Nacional de Educaci\u00f3n Superior, en donde destac\u00f3 que no existe articulaci\u00f3n entre la educaci\u00f3n media y superior.<\/p>\n\n\n\n<p>\u201cEl programa que se propone, considera como uno de los objetivos primordiales atender las necesidades sociales, disminuir las desigualdades, contribuir al desarrollo sostenible desde lo local, involucrar a la comunidad, sus territorios y sus gobiernos\u201d.<\/p>\n\n\n\n<p>En el evento se cont\u00f3 con la participaci\u00f3n del titular de la oficina de Enlace Educativo en el Estado de Tlaxcala, Jos\u00e9 Ciro Marcial Rodr\u00edguez Flores; la directora de Educaci\u00f3n Media Superior y Superior, Sandra Corona Padilla; la presidenta de la Comisi\u00f3n de Educaci\u00f3n, Cultura, Ciencia y Tecnolog\u00eda del Congreso del estado, Alejandra Ram\u00edrez Ortiz y el rector de la Universidad Polit\u00e9cnica de Tlaxcala, Enrique Padilla S\u00e1nchez, entre otros.<\/p>\n","protected":false},"excerpt":{"rendered":"<p>*Aprueban propuesta de iniciativa de ley para presentarla al Congreso del estado Con el prop\u00f3sito de fortalecer la cobertura educativa, el titular de la Secretar\u00eda de Educaci\u00f3n P\u00fablica del Estado (SEPE), Homero Meneses Hern\u00e1ndez encabez\u00f3 la Tercera Sesi\u00f3n Ordinaria de la Comisi\u00f3n Estatal para la Planeaci\u00f3n de la Educaci\u00f3n Superior (Coepes), con la participaci\u00f3n de [&hellip;]<\/p>\n","protected":false},"author":4,"featured_media":83653,"comment_status":"open","ping_status":"open","sticky":false,"template":"","format":"standard","meta":{"om_disable_all_campaigns":false,"_monsterinsights_skip_tracking":false,"_monsterinsights_sitenote_active":false,"_monsterinsights_sitenote_note":"","_monsterinsights_sitenote_category":0,"jnews-multi-image_gallery":[],"jnews_single_post":{"subtitle":"","format":"standard","video":"","gallery":"","source_name":"","source_url":"","via_name":"","via_url":"","override_template":"0","override":[{"template":"1","single_blog_custom":"","parallax":"1","fullscreen":"1","layout":"right-sidebar","sidebar":"default-sidebar","second_sidebar":"default-sidebar","sticky_sidebar":"1","share_position":"top","share_float_style":"share-monocrhome","show_share_counter":"1","show_view_counter":"1","show_featured":"1","show_post_meta":"1","show_post_author":"1","show_post_author_image":"1","show_post_date":"1","post_date_format":"default","post_date_format_custom":"Y\/m\/d","show_post_category":"1","show_post_reading_time":"0","post_reading_time_wpm":"300","show_zoom_button":"0","zoom_button_out_step":"2","zoom_button_in_step":"3","show_post_tag":"1","show_prev_next_post":"1","show_popup_post":"1","number_popup_post":"1","show_author_box":"1","show_post_related":"0","show_inline_post_related":"0"}],"override_image_size":"0","image_override":[{"single_post_thumbnail_size":"crop-500","single_post_gallery_size":"crop-500"}],"trending_post":"0","trending_post_position":"meta","trending_post_label":"Trending","sponsored_post":"0","sponsored_post_label":"Sponsored by","sponsored_post_name":"","sponsored_post_url":"","sponsored_post_logo_enable":"0","sponsored_post_logo":"","sponsored_post_desc":"","disable_ad":"0"},"jnews_primary_category":{"id":""},"footnotes":""},"categories":[43,52],"tags":[150,110,96],"class_list":["post-83652","post","type-post","status-publish","format-standard","has-post-thumbnail","hentry","category-estado","category-gobierno-de-tlaxcala","tag-gobierno-del-estado","tag-municipios","tag-tlaxcala"],"aioseo_notices":[],"_links":{"self":[{"href":"https:\/\/estado29.mx\/index.php?rest_route=\/wp\/v2\/posts\/83652","targetHints":{"allow":["GET"]}}],"collection":[{"href":"https:\/\/estado29.mx\/index.php?rest_route=\/wp\/v2\/posts"}],"about":[{"href":"https:\/\/estado29.mx\/index.php?rest_route=\/wp\/v2\/types\/post"}],"author":[{"embeddable":true,"href":"https:\/\/estado29.mx\/index.php?rest_route=\/wp\/v2\/users\/4"}],"replies":[{"embeddable":true,"href":"https:\/\/estado29.mx\/index.php?rest_route=%2Fwp%2Fv2%2Fcomments&post=83652"}],"version-history":[{"count":1,"href":"https:\/\/estado29.mx\/index.php?rest_route=\/wp\/v2\/posts\/83652\/revisions"}],"predecessor-version":[{"id":83654,"href":"https:\/\/estado29.mx\/index.php?rest_route=\/wp\/v2\/posts\/83652\/revisions\/83654"}],"wp:featuredmedia":[{"embeddable":true,"href":"https:\/\/estado29.mx\/index.php?rest_route=\/wp\/v2\/media\/83653"}],"wp:attachment":[{"href":"https:\/\/estado29.mx\/index.php?rest_route=%2Fwp%2Fv2%2Fmedia&parent=83652"}],"wp:term":[{"taxonomy":"category","embeddable":true,"href":"https:\/\/estado29.mx\/index.php?rest_route=%2Fwp%2Fv2%2Fcategories&post=83652"},{"taxonomy":"post_tag","embeddable":true,"href":"https:\/\/estado29.mx\/index.php?rest_route=%2Fwp%2Fv2%2Ftags&post=83652"}],"curies":[{"name":"wp","href":"https:\/\/api.w.org\/{rel}","templated":true}]}}