{"id":83655,"date":"2022-12-06T13:41:49","date_gmt":"2022-12-06T13:41:49","guid":{"rendered":"https:\/\/estado29.mx\/?p=83655"},"modified":"2022-12-06T13:41:49","modified_gmt":"2022-12-06T13:41:49","slug":"el-informe-pais-2020-permite-ver-mejoras-y-retrocesos-de-la-democracia-en-mexico-lule-ortega","status":"publish","type":"post","link":"https:\/\/estado29.mx\/?p=83655","title":{"rendered":"El informe pa\u00eds 2020 permite ver mejoras y retrocesos de la democracia en M\u00e9xico: Lule Ortega"},"content":{"rendered":"\n<p><strong><em>*El titular del INE en el estado reconoci\u00f3 que la democracia mexicana no est\u00e1 libre de regresiones, pero todos los sectores sociales pueden tomar los resultados y su an\u00e1lisis para mejorar en sus \u00e1mbitos de competencia.<\/em><\/strong><\/p>\n\n\n\n<p>Los resultados del Informe Pa\u00eds 2020 no son solo malas noticias del estado que guarda la democracia en M\u00e9xico desde la perspectiva ciudadana, sino que muestra avances en diversos \u00e1mbitos y da luz sobre las oportunidades que los diversos sectores sociales pueden aprovechar para mejorar y construir una sociedad m\u00e1s justa e igualitaria, se\u00f1al\u00f3 este lunes el delegado del Instituto Nacional Electoral (INE) en Tlaxcala, J. Jes\u00fas Lule Ortega.<\/p>\n\n\n\n<p>Lo anterior, al dar cuenta de los cuatro elementos principales que engloba este estudio, como son la representaci\u00f3n, la participaci\u00f3n, los valores democr\u00e1ticos y los trastornos de la democracia, durante la presentaci\u00f3n de este informe a diversos sectores sociales y medios de comunicaci\u00f3n, en la Pinacoteca del Estado, \u201cDesiderio Hern\u00e1ndez Xochitiotzin\u201d, ubicada en la capital tlaxcalteca.<\/p>\n\n\n\n<p>Ante representantes de la Sociedad Civil, acad\u00e9micas y acad\u00e9micos con quienes comparti\u00f3 el micr\u00f3fono, desglos\u00f3 de manera sucinta las cuatro \u00e1reas b\u00e1sicas en que versa el reporte y, m\u00e1s adelante, precis\u00f3 que los resultados y su an\u00e1lisis, mostrado en gr\u00e1ficas, es el reflejo de lo que d\u00eda a d\u00eda est\u00e1 padeciendo la ciudadan\u00eda o bien evidencia los deseos de \u00e9sta de una mejor situaci\u00f3n de vida.<\/p>\n\n\n\n<p>Luego de escuchar las intervenciones, como parte del Informe Pa\u00eds 2020, de Rosario T\u00e9xis Z\u00fa\u00f1iga, titular en la entidad de la Red por los Derechos Sexuales y Reproductivos en M\u00e9xico (DDESER), de la exconsejera electoral del Instituto Tlaxcalteca de Elecciones, acad\u00e9mica de la Universidad Aut\u00f3noma de Tlaxcala (UATX) e investigadora, Dora Rodr\u00edguez Soriano, as\u00ed como del investigador y acad\u00e9mico de la UATX, Ren\u00e9 Elizalde Salazar, Lule Ortega aclar\u00f3 que \u201cno debemos de quedarnos con la percepci\u00f3n de que nuestra sociedad y nuestro \u00e1mbito pol\u00edtico-democr\u00e1tico tienen excesivos problemas\u201d, sino realizar un an\u00e1lisis de los avances que muestra su contenido y las posibilidades de mejora que nos da la informaci\u00f3n que \u00e9ste ofrece. &nbsp;<\/p>\n\n\n\n<p>De hecho, en sus comentarios finales sobre el reporte nacional que impulsa el INE, el Vocal Ejecutivo compar\u00f3 los datos presentes, con los obtenidos en 2014, que dejan ver que hoy hay buenas noticias en el avance de la democracia mexicana.<\/p>\n\n\n\n<p>\u201cHemos tenido avances en diversas \u00e1reas, y en los datos que ya se presentaban hay algunos de los que tenemos que alegrarnos porque son buenas noticias; son datos que nos hablan de la percepci\u00f3n que los ciudadanos tienen acerca del d\u00eda de hoy, de c\u00f3mo est\u00e1n las cosas en nuestro pa\u00eds y en nuestro sistema pol\u00edtico\u201d, expres\u00f3.<\/p>\n\n\n\n<p>J. Jes\u00fas Lule admiti\u00f3 que, de acuerdo con el informe, existen retos y oportunidades de mejora, \u201cpor lo que es importante y relevante el analizar, tanto los datos, como el informe en su totalidad, porque que de ah\u00ed podemos extraer qu\u00e9 es lo que todos y cada uno debemos hacer en nuestro \u00e1mbito de competencia para mejorar y resolver la problem\u00e1tica que hoy d\u00eda tenemos\u201d.<\/p>\n\n\n\n<p>Eso s\u00ed, el titular del INE en el estado reconoci\u00f3 que la democracia mexicana no est\u00e1 libre de regresiones, pues la propia Ciencia Pol\u00edtica analiza el devenir de la democracia y sabemos que, \u201cas\u00ed como hay olas de avance en el \u00e1mbito democr\u00e1tico, tambi\u00e9n tenemos retrocesos en algunos aspectos\u201d.<\/p>\n\n\n\n<p>Y remat\u00f3: \u201cCreo que nuestra acci\u00f3n debe de ser de construir hacia adelante, de ver qu\u00e9 es lo que podemos mejorar y c\u00f3mo podemos construir una sociedad cada vez m\u00e1s justa e igualitaria para todos\u201d.<\/p>\n","protected":false},"excerpt":{"rendered":"<p>*El titular del INE en el estado reconoci\u00f3 que la democracia mexicana no est\u00e1 libre de regresiones, pero todos los sectores sociales pueden tomar los resultados y su an\u00e1lisis para mejorar en sus \u00e1mbitos de competencia. Los resultados del Informe Pa\u00eds 2020 no son solo malas noticias del estado que guarda la democracia en M\u00e9xico [&hellip;]<\/p>\n","protected":false},"author":4,"featured_media":83656,"comment_status":"open","ping_status":"open","sticky":false,"template":"","format":"standard","meta":{"om_disable_all_campaigns":false,"_monsterinsights_skip_tracking":false,"_monsterinsights_sitenote_active":false,"_monsterinsights_sitenote_note":"","_monsterinsights_sitenote_category":0,"jnews-multi-image_gallery":[],"jnews_single_post":{"subtitle":"","format":"standard","video":"","gallery":"","source_name":"","source_url":"","via_name":"","via_url":"","override_template":"0","override":[{"template":"1","single_blog_custom":"","parallax":"1","fullscreen":"1","layout":"right-sidebar","sidebar":"default-sidebar","second_sidebar":"default-sidebar","sticky_sidebar":"1","share_position":"top","share_float_style":"share-monocrhome","show_share_counter":"1","show_view_counter":"1","show_featured":"1","show_post_meta":"1","show_post_author":"1","show_post_author_image":"1","show_post_date":"1","post_date_format":"default","post_date_format_custom":"Y\/m\/d","show_post_category":"1","show_post_reading_time":"0","post_reading_time_wpm":"300","show_zoom_button":"0","zoom_button_out_step":"2","zoom_button_in_step":"3","show_post_tag":"1","show_prev_next_post":"1","show_popup_post":"1","number_popup_post":"1","show_author_box":"1","show_post_related":"0","show_inline_post_related":"0"}],"override_image_size":"0","image_override":[{"single_post_thumbnail_size":"crop-500","single_post_gallery_size":"crop-500"}],"trending_post":"0","trending_post_position":"meta","trending_post_label":"Trending","sponsored_post":"0","sponsored_post_label":"Sponsored by","sponsored_post_name":"","sponsored_post_url":"","sponsored_post_logo_enable":"0","sponsored_post_logo":"","sponsored_post_desc":"","disable_ad":"0"},"jnews_primary_category":{"id":""},"footnotes":""},"categories":[43,47,51,46],"tags":[88,96],"class_list":["post-83655","post","type-post","status-publish","format-standard","has-post-thumbnail","hentry","category-estado","category-municipios","category-nacional","category-politica","tag-ine","tag-tlaxcala"],"aioseo_notices":[],"_links":{"self":[{"href":"https:\/\/estado29.mx\/index.php?rest_route=\/wp\/v2\/posts\/83655","targetHints":{"allow":["GET"]}}],"collection":[{"href":"https:\/\/estado29.mx\/index.php?rest_route=\/wp\/v2\/posts"}],"about":[{"href":"https:\/\/estado29.mx\/index.php?rest_route=\/wp\/v2\/types\/post"}],"author":[{"embeddable":true,"href":"https:\/\/estado29.mx\/index.php?rest_route=\/wp\/v2\/users\/4"}],"replies":[{"embeddable":true,"href":"https:\/\/estado29.mx\/index.php?rest_route=%2Fwp%2Fv2%2Fcomments&post=83655"}],"version-history":[{"count":1,"href":"https:\/\/estado29.mx\/index.php?rest_route=\/wp\/v2\/posts\/83655\/revisions"}],"predecessor-version":[{"id":83657,"href":"https:\/\/estado29.mx\/index.php?rest_route=\/wp\/v2\/posts\/83655\/revisions\/83657"}],"wp:featuredmedia":[{"embeddable":true,"href":"https:\/\/estado29.mx\/index.php?rest_route=\/wp\/v2\/media\/83656"}],"wp:attachment":[{"href":"https:\/\/estado29.mx\/index.php?rest_route=%2Fwp%2Fv2%2Fmedia&parent=83655"}],"wp:term":[{"taxonomy":"category","embeddable":true,"href":"https:\/\/estado29.mx\/index.php?rest_route=%2Fwp%2Fv2%2Fcategories&post=83655"},{"taxonomy":"post_tag","embeddable":true,"href":"https:\/\/estado29.mx\/index.php?rest_route=%2Fwp%2Fv2%2Ftags&post=83655"}],"curies":[{"name":"wp","href":"https:\/\/api.w.org\/{rel}","templated":true}]}}