{"id":83667,"date":"2022-12-06T13:54:41","date_gmt":"2022-12-06T13:54:41","guid":{"rendered":"https:\/\/estado29.mx\/?p=83667"},"modified":"2022-12-06T13:54:42","modified_gmt":"2022-12-06T13:54:42","slug":"recupera-policia-de-investigacion-de-la-pgje-a-familia-secuestrada","status":"publish","type":"post","link":"https:\/\/estado29.mx\/?p=83667","title":{"rendered":"Recupera polic\u00eda de investigaci\u00f3n de la PGJE a familia secuestrada"},"content":{"rendered":"\n<p>*Los probables responsables son militares en activo y fueron detenidos en menos de 12 horas; posteriormente fueron ingresados al Cereso<\/p>\n\n\n\n<p>Agentes de la Polic\u00eda de Investigaci\u00f3n de la Procuradur\u00eda General de Justicia del Estado (PGJE), adscritos a la Fiscal\u00eda Especializada en Combate al Secuestro (FECS), en coordinaci\u00f3n con las unidades de delitos de alto impacto de esta corporaci\u00f3n, recuperaron en menos de 12 horas a una familia que hab\u00eda sido secuestrada, integrada por la mam\u00e1, dos menores hijos y el t\u00edo, adem\u00e1s detuvieron a cuatro probables responsables que se identificaron con credenciales de la Secretar\u00eda de la Defensa Nacional (Sedena).<\/p>\n\n\n\n<p>Los hechos se suscitaron el s\u00e1bado 3 de diciembre del presente a\u00f1o en el municipio de Tlaxco, gracias al trabajo de inteligencia en an\u00e1lisis t\u00e1ctico, manejo de crisis y negociaci\u00f3n por parte de los elementos, al referir que a las 21:03 horas, a trav\u00e9s del n\u00famero de emergencias 911, se recibi\u00f3 un reporte donde informaban de la privaci\u00f3n de la libertad de cuatro personas por un grupo de cuatro hombres, quienes se llevaron a la familia en su misma camioneta, marca Volkswagen, modelo Tiguan, color blanco.<\/p>\n\n\n\n<p>Derivado de ello, a las 21:10 horas arribaron elementos policiacos de la PGJE adscritos a Tlaxco y posteriormente se apersonaron agentes de la FECS e iniciaron los trabajos de informaci\u00f3n y an\u00e1lisis, manejo de crisis y negociaci\u00f3n, para lograr un acuerdo con los secuestradores, mismos que despu\u00e9s de 40 llamadas exigieron la cantidad de 2 millones de pesos para liberar a la familia.<\/p>\n\n\n\n<p>A las 2:00 de la ma\u00f1ana del d\u00eda 3 de diciembre se liberaron a tres de las cuatro v\u00edctimas, siendo el masculino, la femenina y una menor de 11 a\u00f1os, quienes fueron localizados en una zanja sobre la carretera Tlaxco-Apan, quedando en privaci\u00f3n de la libertad un menor de cuatro a\u00f1os; m\u00e1s tarde y derivado de las negociaciones, que dieron como resultado el pago de 50 mil pesos, fue entregado el efectivo en la carretera Tlaxco-Apan, a la altura de Lagunilla, seguido de la liberaci\u00f3n del menor, el cual fue localizado sobre un puente.<\/p>\n\n\n\n<p>En tanto, elementos de la Polic\u00eda de Investigaci\u00f3n iniciaron una persecuci\u00f3n a los secuestradores y al detenerlos, los efectivos policiacos solicitaron su identificaci\u00f3n, por lo que los presuntos responsables se identificaron con credenciales de la Sedena.<\/p>\n\n\n\n<p>Ante lo sucedido, los cuatro masculinos fueron puestos a disposici\u00f3n del agente del Ministerio P\u00fablico de la PGJE, quien integr\u00f3 la carpeta de investigaci\u00f3n por el delito de secuestro y realizaron la judicializaci\u00f3n. Posteriormente, fueron trasladados a un Centro de Reinserci\u00f3n Social (Cereso) y se proceder\u00e1 a formular la imputaci\u00f3n, donde un juez de Control determinar\u00e1 su situaci\u00f3n jur\u00eddica en las pr\u00f3ximas horas.<\/p>\n\n\n\n<p>La Procuradur\u00eda General de Justicia del Estado refrenda su compromiso de combatir la impunidad en todos los niveles de gobierno, y de esta forma hacer cumplir la ley contra quien o quienes resulten responsables de atentar contra la integridad de las y los tlaxcaltecas.<\/p>\n","protected":false},"excerpt":{"rendered":"<p>*Los probables responsables son militares en activo y fueron detenidos en menos de 12 horas; posteriormente fueron ingresados al Cereso Agentes de la Polic\u00eda de Investigaci\u00f3n de la Procuradur\u00eda General de Justicia del Estado (PGJE), adscritos a la Fiscal\u00eda Especializada en Combate al Secuestro (FECS), en coordinaci\u00f3n con las unidades de delitos de alto impacto [&hellip;]<\/p>\n","protected":false},"author":4,"featured_media":83668,"comment_status":"open","ping_status":"open","sticky":false,"template":"","format":"standard","meta":{"om_disable_all_campaigns":false,"_monsterinsights_skip_tracking":false,"_monsterinsights_sitenote_active":false,"_monsterinsights_sitenote_note":"","_monsterinsights_sitenote_category":0,"jnews-multi-image_gallery":[],"jnews_single_post":{"subtitle":"","format":"standard","video":"","gallery":"","source_name":"","source_url":"","via_name":"","via_url":"","override_template":"0","override":[{"template":"1","single_blog_custom":"","parallax":"1","fullscreen":"1","layout":"right-sidebar","sidebar":"default-sidebar","second_sidebar":"default-sidebar","sticky_sidebar":"1","share_position":"top","share_float_style":"share-monocrhome","show_share_counter":"1","show_view_counter":"1","show_featured":"1","show_post_meta":"1","show_post_author":"1","show_post_author_image":"1","show_post_date":"1","post_date_format":"default","post_date_format_custom":"Y\/m\/d","show_post_category":"1","show_post_reading_time":"0","post_reading_time_wpm":"300","show_zoom_button":"0","zoom_button_out_step":"2","zoom_button_in_step":"3","show_post_tag":"1","show_prev_next_post":"1","show_popup_post":"1","number_popup_post":"1","show_author_box":"1","show_post_related":"0","show_inline_post_related":"0"}],"override_image_size":"0","image_override":[{"single_post_thumbnail_size":"crop-500","single_post_gallery_size":"crop-500"}],"trending_post":"0","trending_post_position":"meta","trending_post_label":"Trending","sponsored_post":"0","sponsored_post_label":"Sponsored by","sponsored_post_name":"","sponsored_post_url":"","sponsored_post_logo_enable":"0","sponsored_post_logo":"","sponsored_post_desc":"","disable_ad":"0"},"jnews_primary_category":{"id":""},"footnotes":""},"categories":[43,52],"tags":[902,150,91,901,119,118],"class_list":["post-83667","post","type-post","status-publish","format-standard","has-post-thumbnail","hentry","category-estado","category-gobierno-de-tlaxcala","tag-familia","tag-gobierno-del-estado","tag-pgje","tag-secuestro","tag-seguridad","tag-ssc"],"aioseo_notices":[],"_links":{"self":[{"href":"https:\/\/estado29.mx\/index.php?rest_route=\/wp\/v2\/posts\/83667","targetHints":{"allow":["GET"]}}],"collection":[{"href":"https:\/\/estado29.mx\/index.php?rest_route=\/wp\/v2\/posts"}],"about":[{"href":"https:\/\/estado29.mx\/index.php?rest_route=\/wp\/v2\/types\/post"}],"author":[{"embeddable":true,"href":"https:\/\/estado29.mx\/index.php?rest_route=\/wp\/v2\/users\/4"}],"replies":[{"embeddable":true,"href":"https:\/\/estado29.mx\/index.php?rest_route=%2Fwp%2Fv2%2Fcomments&post=83667"}],"version-history":[{"count":1,"href":"https:\/\/estado29.mx\/index.php?rest_route=\/wp\/v2\/posts\/83667\/revisions"}],"predecessor-version":[{"id":83669,"href":"https:\/\/estado29.mx\/index.php?rest_route=\/wp\/v2\/posts\/83667\/revisions\/83669"}],"wp:featuredmedia":[{"embeddable":true,"href":"https:\/\/estado29.mx\/index.php?rest_route=\/wp\/v2\/media\/83668"}],"wp:attachment":[{"href":"https:\/\/estado29.mx\/index.php?rest_route=%2Fwp%2Fv2%2Fmedia&parent=83667"}],"wp:term":[{"taxonomy":"category","embeddable":true,"href":"https:\/\/estado29.mx\/index.php?rest_route=%2Fwp%2Fv2%2Fcategories&post=83667"},{"taxonomy":"post_tag","embeddable":true,"href":"https:\/\/estado29.mx\/index.php?rest_route=%2Fwp%2Fv2%2Ftags&post=83667"}],"curies":[{"name":"wp","href":"https:\/\/api.w.org\/{rel}","templated":true}]}}