{"id":83670,"date":"2022-12-07T13:25:10","date_gmt":"2022-12-07T13:25:10","guid":{"rendered":"https:\/\/estado29.mx\/?p=83670"},"modified":"2022-12-07T13:25:10","modified_gmt":"2022-12-07T13:25:10","slug":"signan-convenio-styc-e-iem-para-impulsar-los-derechos-de-las-mujeres-en-el-ambito-laboral","status":"publish","type":"post","link":"https:\/\/estado29.mx\/?p=83670","title":{"rendered":"Signan convenio STYC e IEM para impulsar los derechos de las mujeres en el \u00e1mbito laboral"},"content":{"rendered":"\n<p>*Como testigos de honor fungieron las presidentas de los poderes Legislativo y Judicial<\/p>\n\n\n\n<p>La Secretar\u00eda de Trabajo y Competitividad (STyC) y el Instituto Estatal de la Mujer (IEM) firmaron convenio de colaboraci\u00f3n para implementar acciones concretas en coordinaci\u00f3n con los sectores p\u00fablico y privado para brindar herramientas e informaci\u00f3n a las mujeres e impulsar sus derechos, prevenir el hostigamiento y el acoso en el \u00e1mbito laboral.<\/p>\n\n\n\n<p>Ante las presidentas de la Mesa Directiva del Congreso del estado, Leticia Mart\u00ednez Cer\u00f3n y del Tribunal Superior de Justicia del Estado (TSJE), Mary Cruz Cort\u00e9s Ornelas, quienes atestiguaron la firma del convenio, el titular de la STyC, Ignacio L\u00f3pez S\u00e1nchez destac\u00f3 que para la administraci\u00f3n que encabeza la gobernadora Lorena Cu\u00e9llar Cisneros es de suma importancia aplicar la normatividad enmarcada en la nueva Reforma Laboral.<\/p>\n\n\n\n<p>&nbsp;\u201cTenemos un gran reto y pedimos su valiosa colaboraci\u00f3n para lograr una igualdad plena en ejercicio, derechos y obligaciones entre hombres y mujeres, el trabajo que vamos a realizar el Instituto y esta Secretar\u00eda est\u00e1 encaminado a seguir la normatividad que ha sido dise\u00f1ada por el gobierno que encabeza el presidente de la Rep\u00fablica, Andr\u00e9s Manuel L\u00f3pez\u201d, apunt\u00f3.<\/p>\n\n\n\n<p>En tanto, la directora del Instituto Estatal de la Mujer (IEM), Margarita Cisneros Tzoni manifest\u00f3 que es de inter\u00e9s permanente para la titular del Ejecutivo local que las instituciones est\u00e9n inmersas y atentas para lograr una vinculaci\u00f3n estrat\u00e9gica con el sector privado a favor de las mujeres.<\/p>\n\n\n\n<p>&nbsp;\u201cMe da gusto recibir invitaciones de algunos sindicatos para presenciar la capacitaci\u00f3n que dan a las mujeres, porque hasta hace 10 a\u00f1os era dif\u00edcil tener esas sinergias para capacitaci\u00f3n, sensibilizaci\u00f3n y apertura del sector privado para tener trabajo directo con las mujeres, que seguramente en el sector privado el gran porcentaje de mujeres est\u00e1 en las empresas, en diferentes niveles\u201d, sostuvo.<\/p>\n\n\n\n<p>Los titulares del IEM y de la STyC agradecieron a las autoridades de los sindicatos participantes, c\u00e1maras empresariales y de comercio su participaci\u00f3n en estas acciones a favor del sector femenino en el \u00e1mbito laboral.<\/p>\n\n\n\n<p>\u201cA partir de este convenio, ustedes ser\u00e1n los actores estrat\u00e9gicos, quienes nos ayudar\u00e1n a abrir las puertas de sus empresas, llegar al coraz\u00f3n de las mujeres y cumplir esa consigna, que no solamente es una pol\u00edtica p\u00fablica, sino que transformar\u00e1 vidas para escribir una nueva historia, a trav\u00e9s de las acciones p\u00fablicas en coordinaci\u00f3n con el sector p\u00fablico y privado\u201d, mencion\u00f3.<\/p>\n\n\n\n<p>Al evento tambi\u00e9n acudieron la titular de la Secretar\u00eda de Bienestar del Estado de Tlaxcala, Mar\u00eda Estela \u00c1lvarez Corona; la secretaria t\u00e9cnica de la Comisi\u00f3n Ejecutiva de Atenci\u00f3n a V\u00edctimas y Ofendidos (Ceavo), Dora Delia Hern\u00e1ndez Rold\u00e1n y el delegado de la Secretar\u00eda del Trabajo y Previsi\u00f3n Social, Miguel Ra\u00fal P\u00e9rez S\u00e1nchez, entre otras autoridades.<\/p>\n","protected":false},"excerpt":{"rendered":"<p>*Como testigos de honor fungieron las presidentas de los poderes Legislativo y Judicial La Secretar\u00eda de Trabajo y Competitividad (STyC) y el Instituto Estatal de la Mujer (IEM) firmaron convenio de colaboraci\u00f3n para implementar acciones concretas en coordinaci\u00f3n con los sectores p\u00fablico y privado para brindar herramientas e informaci\u00f3n a las mujeres e impulsar sus [&hellip;]<\/p>\n","protected":false},"author":4,"featured_media":0,"comment_status":"open","ping_status":"open","sticky":false,"template":"","format":"standard","meta":{"om_disable_all_campaigns":false,"_monsterinsights_skip_tracking":false,"_monsterinsights_sitenote_active":false,"_monsterinsights_sitenote_note":"","_monsterinsights_sitenote_category":0,"jnews-multi-image_gallery":[],"jnews_single_post":{"format":"standard"},"jnews_primary_category":[],"footnotes":""},"categories":[43,52],"tags":[150,110,96],"class_list":["post-83670","post","type-post","status-publish","format-standard","hentry","category-estado","category-gobierno-de-tlaxcala","tag-gobierno-del-estado","tag-municipios","tag-tlaxcala"],"aioseo_notices":[],"_links":{"self":[{"href":"https:\/\/estado29.mx\/index.php?rest_route=\/wp\/v2\/posts\/83670","targetHints":{"allow":["GET"]}}],"collection":[{"href":"https:\/\/estado29.mx\/index.php?rest_route=\/wp\/v2\/posts"}],"about":[{"href":"https:\/\/estado29.mx\/index.php?rest_route=\/wp\/v2\/types\/post"}],"author":[{"embeddable":true,"href":"https:\/\/estado29.mx\/index.php?rest_route=\/wp\/v2\/users\/4"}],"replies":[{"embeddable":true,"href":"https:\/\/estado29.mx\/index.php?rest_route=%2Fwp%2Fv2%2Fcomments&post=83670"}],"version-history":[{"count":1,"href":"https:\/\/estado29.mx\/index.php?rest_route=\/wp\/v2\/posts\/83670\/revisions"}],"predecessor-version":[{"id":83671,"href":"https:\/\/estado29.mx\/index.php?rest_route=\/wp\/v2\/posts\/83670\/revisions\/83671"}],"wp:attachment":[{"href":"https:\/\/estado29.mx\/index.php?rest_route=%2Fwp%2Fv2%2Fmedia&parent=83670"}],"wp:term":[{"taxonomy":"category","embeddable":true,"href":"https:\/\/estado29.mx\/index.php?rest_route=%2Fwp%2Fv2%2Fcategories&post=83670"},{"taxonomy":"post_tag","embeddable":true,"href":"https:\/\/estado29.mx\/index.php?rest_route=%2Fwp%2Fv2%2Ftags&post=83670"}],"curies":[{"name":"wp","href":"https:\/\/api.w.org\/{rel}","templated":true}]}}