{"id":83831,"date":"2022-12-15T13:35:42","date_gmt":"2022-12-15T13:35:42","guid":{"rendered":"https:\/\/estado29.mx\/?p=83831"},"modified":"2022-12-15T13:35:43","modified_gmt":"2022-12-15T13:35:43","slug":"gobierno-estatal-beneficio-a-mas-de-5-mil-tlaxcaltecas-con-programa-puertas-y-ventanas-para-tu-hogar","status":"publish","type":"post","link":"https:\/\/estado29.mx\/?p=83831","title":{"rendered":"Gobierno estatal benefici\u00f3 a m\u00e1s de 5 mil tlaxcaltecas con programa \u201cpuertas y ventanas para tu hogar\u201d"},"content":{"rendered":"\n<p><\/p>\n\n\n\n<p>*Continuar\u00e1n las acciones para dignificar la calidad de las viviendas de familias en situaci\u00f3n vulnerable<\/p>\n\n\n\n<p>Con una inversi\u00f3n estatal de 9 millones 550 mil pesos, el gobierno del estado, a trav\u00e9s de la Secretar\u00eda de Bienestar en Tlaxcala, emprendi\u00f3 mil 583 acciones en beneficio de 5 mil 540 personas en situaci\u00f3n vulnerable de 20 municipios a trav\u00e9s del programa \u201cPuertas y Ventanas para Tu Hogar\u201d.<\/p>\n\n\n\n<p>En concordancia con la pol\u00edtica social que impulsa la gobernadora Lorena Cu\u00e9llar Cisneros, este esquema atendi\u00f3 las necesidades de la poblaci\u00f3n que cuenta con viviendas con pisos de tierra, techos y muros de materiales endebles con lo que se ve afectada la salud de las personas, principalmente, de los adultos mayores, ni\u00f1os y otros grupos de riesgo que padecen las inclemencias del tiempo.<\/p>\n\n\n\n<p>La secretaria de Bienestar en Tlaxcala, Mar\u00eda Estela \u00c1lvarez Corona explic\u00f3 que se puso en operaci\u00f3n la entrega de subsidios para la adquisici\u00f3n de estos elementos de herrer\u00eda o aluminio, para superar esta carencia y mejorar las condiciones de los hogares con menores ingresos.<\/p>\n\n\n\n<p>Este programa fue dirigido a familias de los municipios de Apizaco, Calpulalpan, El Carmen Tequexquitla, Chiautempan, Huamantla, Ixtenco, Tepetitla, Panotla, San Pablo del Monte, Tlaxcala, Tlaxco, Tocatl\u00e1n, Totolac, Ziltlalt\u00e9pec, Xaloztoc, Papalotla, L\u00e1zaro C\u00e1rdenas, Tlaltelulco, San Jos\u00e9 Teacalco y Axocomanitla.<\/p>\n\n\n\n<p>Asimismo, contempl\u00f3 la contrataci\u00f3n de herreros y aluminieros de las comunidades que ejercen su oficio de manera independiente, para que fueran los proveedores de los beneficiarios y con ello dar trabajo a los tlaxcaltecas.<\/p>\n\n\n\n<p>Finalmente, adelant\u00f3 que la dependencia a su cargo continuar\u00e1 con programas para mejorar las condiciones de las viviendas de las personas m\u00e1s vulnerables en la entidad, a fin de combatir el rezago social y puedan vivir con bienestar.<\/p>\n","protected":false},"excerpt":{"rendered":"<p>*Continuar\u00e1n las acciones para dignificar la calidad de las viviendas de familias en situaci\u00f3n vulnerable Con una inversi\u00f3n estatal de 9 millones 550 mil pesos, el gobierno del estado, a trav\u00e9s de la Secretar\u00eda de Bienestar en Tlaxcala, emprendi\u00f3 mil 583 acciones en beneficio de 5 mil 540 personas en situaci\u00f3n vulnerable de 20 municipios [&hellip;]<\/p>\n","protected":false},"author":4,"featured_media":83832,"comment_status":"open","ping_status":"open","sticky":false,"template":"","format":"standard","meta":{"om_disable_all_campaigns":false,"_monsterinsights_skip_tracking":false,"_monsterinsights_sitenote_active":false,"_monsterinsights_sitenote_note":"","_monsterinsights_sitenote_category":0,"jnews-multi-image_gallery":[],"jnews_single_post":{"subtitle":"","format":"standard","video":"","gallery":"","source_name":"","source_url":"","via_name":"","via_url":"","override_template":"0","override":[{"template":"1","single_blog_custom":"","parallax":"1","fullscreen":"1","layout":"right-sidebar","sidebar":"default-sidebar","second_sidebar":"default-sidebar","sticky_sidebar":"1","share_position":"top","share_float_style":"share-monocrhome","show_share_counter":"1","show_view_counter":"1","show_featured":"1","show_post_meta":"1","show_post_author":"1","show_post_author_image":"1","show_post_date":"1","post_date_format":"default","post_date_format_custom":"Y\/m\/d","show_post_category":"1","show_post_reading_time":"0","post_reading_time_wpm":"300","show_zoom_button":"0","zoom_button_out_step":"2","zoom_button_in_step":"3","show_post_tag":"1","show_prev_next_post":"1","show_popup_post":"1","number_popup_post":"1","show_author_box":"1","show_post_related":"0","show_inline_post_related":"0"}],"override_image_size":"0","image_override":[{"single_post_thumbnail_size":"crop-500","single_post_gallery_size":"crop-500"}],"trending_post":"0","trending_post_position":"meta","trending_post_label":"Trending","sponsored_post":"0","sponsored_post_label":"Sponsored by","sponsored_post_name":"","sponsored_post_url":"","sponsored_post_logo_enable":"0","sponsored_post_logo":"","sponsored_post_desc":"","disable_ad":"0"},"jnews_primary_category":{"id":""},"footnotes":""},"categories":[43,52],"tags":[150,110,96],"class_list":["post-83831","post","type-post","status-publish","format-standard","has-post-thumbnail","hentry","category-estado","category-gobierno-de-tlaxcala","tag-gobierno-del-estado","tag-municipios","tag-tlaxcala"],"aioseo_notices":[],"_links":{"self":[{"href":"https:\/\/estado29.mx\/index.php?rest_route=\/wp\/v2\/posts\/83831","targetHints":{"allow":["GET"]}}],"collection":[{"href":"https:\/\/estado29.mx\/index.php?rest_route=\/wp\/v2\/posts"}],"about":[{"href":"https:\/\/estado29.mx\/index.php?rest_route=\/wp\/v2\/types\/post"}],"author":[{"embeddable":true,"href":"https:\/\/estado29.mx\/index.php?rest_route=\/wp\/v2\/users\/4"}],"replies":[{"embeddable":true,"href":"https:\/\/estado29.mx\/index.php?rest_route=%2Fwp%2Fv2%2Fcomments&post=83831"}],"version-history":[{"count":1,"href":"https:\/\/estado29.mx\/index.php?rest_route=\/wp\/v2\/posts\/83831\/revisions"}],"predecessor-version":[{"id":83833,"href":"https:\/\/estado29.mx\/index.php?rest_route=\/wp\/v2\/posts\/83831\/revisions\/83833"}],"wp:featuredmedia":[{"embeddable":true,"href":"https:\/\/estado29.mx\/index.php?rest_route=\/wp\/v2\/media\/83832"}],"wp:attachment":[{"href":"https:\/\/estado29.mx\/index.php?rest_route=%2Fwp%2Fv2%2Fmedia&parent=83831"}],"wp:term":[{"taxonomy":"category","embeddable":true,"href":"https:\/\/estado29.mx\/index.php?rest_route=%2Fwp%2Fv2%2Fcategories&post=83831"},{"taxonomy":"post_tag","embeddable":true,"href":"https:\/\/estado29.mx\/index.php?rest_route=%2Fwp%2Fv2%2Ftags&post=83831"}],"curies":[{"name":"wp","href":"https:\/\/api.w.org\/{rel}","templated":true}]}}