{"id":83839,"date":"2022-12-16T13:24:27","date_gmt":"2022-12-16T13:24:27","guid":{"rendered":"https:\/\/estado29.mx\/?p=83839"},"modified":"2022-12-16T13:24:27","modified_gmt":"2022-12-16T13:24:27","slug":"fortalece-uatx-su-planta-docente","status":"publish","type":"post","link":"https:\/\/estado29.mx\/?p=83839","title":{"rendered":"Fortalece UATx su planta docente"},"content":{"rendered":"\n<p><strong>\u2022&nbsp;&nbsp;&nbsp;&nbsp;&nbsp;&nbsp;&nbsp;&nbsp;&nbsp; Reciben carta de reconocimiento y vigencia de perfil deseable del PRODEP<\/strong><\/p>\n\n\n\n<p>Para el fortalecimiento de la profesionalizaci\u00f3n y distinguir las trayectorias de los acad\u00e9micos de la Universidad Aut\u00f3noma de Tlaxcala (UATx), el Rector, Doctor Seraf\u00edn Ortiz Ortiz, presidi\u00f3 la entrega de 63 cartas de reconocimiento y vigencia de perfil deseable del Programa para el Desarrollo Profesional Docente para el tipo Superior (PRODEP) convocatoria 2022, en evento organizado por la Secretar\u00eda Acad\u00e9mica.<\/p>\n\n\n\n<p>Al hacer uso de la voz, el Doctor Seraf\u00edn Ortiz se\u00f1al\u00f3 que, uno de los oficios humanos m\u00e1s complejo es el de educar, y sobre todo en el nivel superior, por ello, es un orgullo que en la instituci\u00f3n tengamos un modelo propio para poner en pr\u00e1ctica la actividad docente, el cual, por consenso y bajo un acuerdo colectivo con los universitarios, transitar\u00e1 de Modelo Humanista Integrador basado en Competencias a Modelo Humanista Integrador por Capacidades (MHIC), el cual ser\u00e1 nuestro marco conceptual revitalizado.<\/p>\n\n\n\n<p>Enfatiz\u00f3 que, se deben ir construyendo puntos firmes de referencia para privilegiar el trabajo de los docentes, tales como ser verdaderamente profesionales en la ense\u00f1anza; ser eficientes, es decir, colocar las mejores capacidades y talentos al servicio de la educaci\u00f3n; actualizarse, que conlleva a realizar maestr\u00edas, doctorados y estancias de este mismo car\u00e1cter; aprender; practicar la vinculaci\u00f3n; y asumir una funci\u00f3n integradora de saberes, lo cual, permitir\u00e1 a la UATx, ser una Universidad paradigm\u00e1tica de la rep\u00fablica.<\/p>\n\n\n\n<p>En su momento, la Doctora Margarita Mart\u00ednez G\u00f3mez, Secretaria Acad\u00e9mica, precis\u00f3 que, el PRODEP, desde su inicio, fortalece y promueve la habilitaci\u00f3n de docentes para lograr los perfiles \u00f3ptimos, asimismo, propiciar la integraci\u00f3n y el desarrollo de Cuerpos Acad\u00e9micos (CA), que generen investigaciones de impacto regional y nacional, de ah\u00ed que se busca una mayor calidad en el profesorado que redunde en la formaci\u00f3n de los educandos.<\/p>\n\n\n\n<p>Indic\u00f3 que, el reto de los catedr\u00e1ticos de la Aut\u00f3noma de Tlaxcala, es lograr y mantener el ideal de perfil deseable y cumplir con el sistema de actualizaci\u00f3n, por ello, reconoci\u00f3, la labor y la vocaci\u00f3n de servicio de los acad\u00e9micos que desempe\u00f1an en las aulas.<\/p>\n\n\n\n<p>Por su parte, la Doctora Luz Mar\u00eda Torrej\u00f3n M\u00e1rquez, expuso que, el compromiso que tienen los catedr\u00e1ticos se refleja en su desempe\u00f1o profesional que se sustenta en el MHIC, y recalc\u00f3 que este tipo de est\u00edmulos incentiva las actividades acad\u00e9micas y cient\u00edficas que realizan en cada una de sus espacios de formaci\u00f3n profesional.<\/p>\n","protected":false},"excerpt":{"rendered":"<p>\u2022&nbsp;&nbsp;&nbsp;&nbsp;&nbsp;&nbsp;&nbsp;&nbsp;&nbsp; Reciben carta de reconocimiento y vigencia de perfil deseable del PRODEP Para el fortalecimiento de la profesionalizaci\u00f3n y distinguir las trayectorias de los acad\u00e9micos de la Universidad Aut\u00f3noma de Tlaxcala (UATx), el Rector, Doctor Seraf\u00edn Ortiz Ortiz, presidi\u00f3 la entrega de 63 cartas de reconocimiento y vigencia de perfil deseable del Programa para el [&hellip;]<\/p>\n","protected":false},"author":4,"featured_media":83840,"comment_status":"open","ping_status":"open","sticky":false,"template":"","format":"standard","meta":{"om_disable_all_campaigns":false,"_monsterinsights_skip_tracking":false,"_monsterinsights_sitenote_active":false,"_monsterinsights_sitenote_note":"","_monsterinsights_sitenote_category":0,"jnews-multi-image_gallery":[],"jnews_single_post":{"subtitle":"","format":"standard","video":"","gallery":"","source_name":"","source_url":"","via_name":"","via_url":"","override_template":"0","override":[{"template":"1","single_blog_custom":"","parallax":"1","fullscreen":"1","layout":"right-sidebar","sidebar":"default-sidebar","second_sidebar":"default-sidebar","sticky_sidebar":"1","share_position":"top","share_float_style":"share-monocrhome","show_share_counter":"1","show_view_counter":"1","show_featured":"1","show_post_meta":"1","show_post_author":"1","show_post_author_image":"1","show_post_date":"1","post_date_format":"default","post_date_format_custom":"Y\/m\/d","show_post_category":"1","show_post_reading_time":"0","post_reading_time_wpm":"300","show_zoom_button":"0","zoom_button_out_step":"2","zoom_button_in_step":"3","show_post_tag":"1","show_prev_next_post":"1","show_popup_post":"1","number_popup_post":"1","show_author_box":"1","show_post_related":"0","show_inline_post_related":"0"}],"override_image_size":"0","image_override":[{"single_post_thumbnail_size":"crop-500","single_post_gallery_size":"crop-500"}],"trending_post":"0","trending_post_position":"meta","trending_post_label":"Trending","sponsored_post":"0","sponsored_post_label":"Sponsored by","sponsored_post_name":"","sponsored_post_url":"","sponsored_post_logo_enable":"0","sponsored_post_logo":"","sponsored_post_desc":"","disable_ad":"0"},"jnews_primary_category":{"id":""},"footnotes":""},"categories":[80,43],"tags":[110,96,310],"class_list":["post-83839","post","type-post","status-publish","format-standard","has-post-thumbnail","hentry","category-educacion","category-estado","tag-municipios","tag-tlaxcala","tag-uatx"],"aioseo_notices":[],"_links":{"self":[{"href":"https:\/\/estado29.mx\/index.php?rest_route=\/wp\/v2\/posts\/83839","targetHints":{"allow":["GET"]}}],"collection":[{"href":"https:\/\/estado29.mx\/index.php?rest_route=\/wp\/v2\/posts"}],"about":[{"href":"https:\/\/estado29.mx\/index.php?rest_route=\/wp\/v2\/types\/post"}],"author":[{"embeddable":true,"href":"https:\/\/estado29.mx\/index.php?rest_route=\/wp\/v2\/users\/4"}],"replies":[{"embeddable":true,"href":"https:\/\/estado29.mx\/index.php?rest_route=%2Fwp%2Fv2%2Fcomments&post=83839"}],"version-history":[{"count":1,"href":"https:\/\/estado29.mx\/index.php?rest_route=\/wp\/v2\/posts\/83839\/revisions"}],"predecessor-version":[{"id":83841,"href":"https:\/\/estado29.mx\/index.php?rest_route=\/wp\/v2\/posts\/83839\/revisions\/83841"}],"wp:featuredmedia":[{"embeddable":true,"href":"https:\/\/estado29.mx\/index.php?rest_route=\/wp\/v2\/media\/83840"}],"wp:attachment":[{"href":"https:\/\/estado29.mx\/index.php?rest_route=%2Fwp%2Fv2%2Fmedia&parent=83839"}],"wp:term":[{"taxonomy":"category","embeddable":true,"href":"https:\/\/estado29.mx\/index.php?rest_route=%2Fwp%2Fv2%2Fcategories&post=83839"},{"taxonomy":"post_tag","embeddable":true,"href":"https:\/\/estado29.mx\/index.php?rest_route=%2Fwp%2Fv2%2Ftags&post=83839"}],"curies":[{"name":"wp","href":"https:\/\/api.w.org\/{rel}","templated":true}]}}