{"id":83848,"date":"2022-12-16T13:29:22","date_gmt":"2022-12-16T13:29:22","guid":{"rendered":"https:\/\/estado29.mx\/?p=83848"},"modified":"2022-12-16T13:29:23","modified_gmt":"2022-12-16T13:29:23","slug":"acude-icatlax-a-la-cuarta-reunion-nacional-de-directores-generales-icat-2022","status":"publish","type":"post","link":"https:\/\/estado29.mx\/?p=83848","title":{"rendered":"Acude ICATLAX a la \u201ccuarta reuni\u00f3n nacional de directores generales ICAT 2022\u201d"},"content":{"rendered":"\n<p><\/p>\n\n\n\n<p>*De acuerdo con el informe de actividades y el trabajo en conjunto, se pretende llevar a toda la ciudadan\u00eda una capacitaci\u00f3n de calidad y una vida digna<\/p>\n\n\n\n<p>El Instituto de Capacitaci\u00f3n para el Trabajo del Estado de Tlaxcala (Icatlax) asisti\u00f3 a la \u201cCuarta Reuni\u00f3n Nacional de directores generales ICAT (Institutos de Capacitaci\u00f3n para el Trabajo) 2022\u201d, en la que se abordaron temas de proyectos para beneficiar a la ciudadan\u00eda en la ense\u00f1anza laboral.<\/p>\n\n\n\n<p>En su intervenci\u00f3n, el director general del Icatlax, Juan Manuel Lemus P\u00e9rez destac\u00f3 el compromiso del gobierno del estado que encabeza Lorena Cu\u00e9llar Cisneros, para trabajar de forma interinstitucional con la Direcci\u00f3n General de Centros de Formaci\u00f3n para el Trabajo (Dgcft) y as\u00ed mejorar las capacitaciones que se ofrecen a la ciudadan\u00eda.<\/p>\n\n\n\n<p>Asimismo, refrend\u00f3 el compromiso de mejorar dichos servicios para lograr que cada tlaxcalteca tenga oportunidades para su crecimiento personal y laboral en cualquier parte del estado o afuera, en beneficio de la econom\u00eda familiar.<\/p>\n\n\n\n<p>En la reuni\u00f3n se trataron los temas de los nuevos proyectos en materia de capacitaci\u00f3n y la estructuraci\u00f3n del sistema de educaci\u00f3n laboral; se plantearon ideas para el fortalecimiento del desarrollo econ\u00f3mico y social del pa\u00eds, as\u00ed como para innovar en las visiones del sistema laboral que se ejecuta y los cursos que se ofertan en los ICAT del pa\u00eds.<\/p>\n\n\n\n<p>Posteriormente, se establecieron acuerdos que permitir\u00e1n a los alumnos egresar con el conocimiento y la pr\u00e1ctica necesaria que les permita su inmediata inserci\u00f3n a todos los \u00e1mbitos del sector productivo.<\/p>\n\n\n\n<p>La reuni\u00f3n fue encabezada por el director nacional del ICAT, Rolando de Jes\u00fas L\u00f3pez Salda\u00f1a; el coordinador de Organismos Descentralizados Estatales de Institutos de Capacitaci\u00f3n para el Trabajo, Alejandro Col\u00edn Ram\u00edrez, en compa\u00f1\u00eda de representantes de cada estado y directores de los Centros de Capacitaci\u00f3n para el Trabajo Industrial (Cecati).<\/p>\n","protected":false},"excerpt":{"rendered":"<p>*De acuerdo con el informe de actividades y el trabajo en conjunto, se pretende llevar a toda la ciudadan\u00eda una capacitaci\u00f3n de calidad y una vida digna El Instituto de Capacitaci\u00f3n para el Trabajo del Estado de Tlaxcala (Icatlax) asisti\u00f3 a la \u201cCuarta Reuni\u00f3n Nacional de directores generales ICAT (Institutos de Capacitaci\u00f3n para el Trabajo) [&hellip;]<\/p>\n","protected":false},"author":4,"featured_media":83849,"comment_status":"open","ping_status":"open","sticky":false,"template":"","format":"standard","meta":{"om_disable_all_campaigns":false,"_monsterinsights_skip_tracking":false,"_monsterinsights_sitenote_active":false,"_monsterinsights_sitenote_note":"","_monsterinsights_sitenote_category":0,"jnews-multi-image_gallery":[],"jnews_single_post":{"subtitle":"","format":"standard","video":"","gallery":"","source_name":"","source_url":"","via_name":"","via_url":"","override_template":"0","override":[{"template":"1","single_blog_custom":"","parallax":"1","fullscreen":"1","layout":"right-sidebar","sidebar":"default-sidebar","second_sidebar":"default-sidebar","sticky_sidebar":"1","share_position":"top","share_float_style":"share-monocrhome","show_share_counter":"1","show_view_counter":"1","show_featured":"1","show_post_meta":"1","show_post_author":"1","show_post_author_image":"1","show_post_date":"1","post_date_format":"default","post_date_format_custom":"Y\/m\/d","show_post_category":"1","show_post_reading_time":"0","post_reading_time_wpm":"300","show_zoom_button":"0","zoom_button_out_step":"2","zoom_button_in_step":"3","show_post_tag":"1","show_prev_next_post":"1","show_popup_post":"1","number_popup_post":"1","show_author_box":"1","show_post_related":"0","show_inline_post_related":"0"}],"override_image_size":"0","image_override":[{"single_post_thumbnail_size":"crop-500","single_post_gallery_size":"crop-500"}],"trending_post":"0","trending_post_position":"meta","trending_post_label":"Trending","sponsored_post":"0","sponsored_post_label":"Sponsored by","sponsored_post_name":"","sponsored_post_url":"","sponsored_post_logo_enable":"0","sponsored_post_logo":"","sponsored_post_desc":"","disable_ad":"0"},"jnews_primary_category":{"id":""},"footnotes":""},"categories":[80,43,52],"tags":[150,233,110,96],"class_list":["post-83848","post","type-post","status-publish","format-standard","has-post-thumbnail","hentry","category-educacion","category-estado","category-gobierno-de-tlaxcala","tag-gobierno-del-estado","tag-icatlax","tag-municipios","tag-tlaxcala"],"aioseo_notices":[],"_links":{"self":[{"href":"https:\/\/estado29.mx\/index.php?rest_route=\/wp\/v2\/posts\/83848","targetHints":{"allow":["GET"]}}],"collection":[{"href":"https:\/\/estado29.mx\/index.php?rest_route=\/wp\/v2\/posts"}],"about":[{"href":"https:\/\/estado29.mx\/index.php?rest_route=\/wp\/v2\/types\/post"}],"author":[{"embeddable":true,"href":"https:\/\/estado29.mx\/index.php?rest_route=\/wp\/v2\/users\/4"}],"replies":[{"embeddable":true,"href":"https:\/\/estado29.mx\/index.php?rest_route=%2Fwp%2Fv2%2Fcomments&post=83848"}],"version-history":[{"count":1,"href":"https:\/\/estado29.mx\/index.php?rest_route=\/wp\/v2\/posts\/83848\/revisions"}],"predecessor-version":[{"id":83850,"href":"https:\/\/estado29.mx\/index.php?rest_route=\/wp\/v2\/posts\/83848\/revisions\/83850"}],"wp:featuredmedia":[{"embeddable":true,"href":"https:\/\/estado29.mx\/index.php?rest_route=\/wp\/v2\/media\/83849"}],"wp:attachment":[{"href":"https:\/\/estado29.mx\/index.php?rest_route=%2Fwp%2Fv2%2Fmedia&parent=83848"}],"wp:term":[{"taxonomy":"category","embeddable":true,"href":"https:\/\/estado29.mx\/index.php?rest_route=%2Fwp%2Fv2%2Fcategories&post=83848"},{"taxonomy":"post_tag","embeddable":true,"href":"https:\/\/estado29.mx\/index.php?rest_route=%2Fwp%2Fv2%2Ftags&post=83848"}],"curies":[{"name":"wp","href":"https:\/\/api.w.org\/{rel}","templated":true}]}}