{"id":83851,"date":"2022-12-16T13:30:45","date_gmt":"2022-12-16T13:30:45","guid":{"rendered":"https:\/\/estado29.mx\/?p=83851"},"modified":"2022-12-16T13:30:45","modified_gmt":"2022-12-16T13:30:45","slug":"celebra-primaria-educacion-y-patria-137-aniversario","status":"publish","type":"post","link":"https:\/\/estado29.mx\/?p=83851","title":{"rendered":"Celebra primaria \u201ceducaci\u00f3n y patria\u201d 137 aniversario"},"content":{"rendered":"\n<p>*Realizaron la entrega de reconocimientos a instituciones que participaron en las actividades de la celebraci\u00f3n<\/p>\n\n\n\n<p>En el marco del 137 aniversario de la creaci\u00f3n de la escuela primaria \u201cEducaci\u00f3n y Patria\u201d, ubicada en la capital, la Secretar\u00eda de Educaci\u00f3n P\u00fablica del Estado (SEPE) y la Unidad de Servicios Educativos de Tlaxcala (USET) felicit\u00f3 a la instituci\u00f3n por sus a\u00f1os al servicio de la ense\u00f1anza de las y los estudiantes.<\/p>\n\n\n\n<p>En representaci\u00f3n de la gobernadora Lorena Cu\u00e9llar Cisneros, el titular de la SEPE-USET, Homero Meneses Hern\u00e1ndez afirm\u00f3 que la docencia es el trabajo m\u00e1s loable que se puede realizar por la sociedad, pues la demostraci\u00f3n art\u00edstica, cultural y deportiva no solo resume los 137 a\u00f1os que celebra esta emblem\u00e1tica e hist\u00f3rica escuela primaria.<\/p>\n\n\n\n<p>En presencia de alumnas, alumnos, directivos y padres de familia, el funcionario refrend\u00f3 el compromiso del gobierno que encabeza Cu\u00e9llar Cisneros, por la mejora de la calidad en la educaci\u00f3n, y adelant\u00f3 que buscar\u00e1 reinsertar a las y los maestros comisionados a las escuelas donde existan necesidades de aprendizaje.<\/p>\n\n\n\n<p>El funcionario dese\u00f3 bonanza, felicidad y paz en esta temporada decembrina para la comunidad estudiantil y de educadores.<\/p>\n\n\n\n<p>Posteriormente, las autoridades que acompa\u00f1aron el evento efectuaron la entrega de reconocimientos a las escuelas primarias \u201cLardiz\u00e1bal\u201d, \u201cConstituci\u00f3n\u201d, \u201cMaxixcatzin\u201d y \u201cTeotlalpan\u201d que participaron en las actividades del aniversario de la instituci\u00f3n.<\/p>\n\n\n\n<p>Asimismo, las alumnas realizaron la demostraci\u00f3n de las habilidades art\u00edsticas, culturales y deportivas que complementan el desarrollo y la formaci\u00f3n integral de la comunidad educativa, al finalizar el protocolo se realiz\u00f3 la tradicional partida del pastel.<\/p>\n","protected":false},"excerpt":{"rendered":"<p>*Realizaron la entrega de reconocimientos a instituciones que participaron en las actividades de la celebraci\u00f3n En el marco del 137 aniversario de la creaci\u00f3n de la escuela primaria \u201cEducaci\u00f3n y Patria\u201d, ubicada en la capital, la Secretar\u00eda de Educaci\u00f3n P\u00fablica del Estado (SEPE) y la Unidad de Servicios Educativos de Tlaxcala (USET) felicit\u00f3 a la [&hellip;]<\/p>\n","protected":false},"author":4,"featured_media":83852,"comment_status":"open","ping_status":"open","sticky":false,"template":"","format":"standard","meta":{"om_disable_all_campaigns":false,"_monsterinsights_skip_tracking":false,"_monsterinsights_sitenote_active":false,"_monsterinsights_sitenote_note":"","_monsterinsights_sitenote_category":0,"jnews-multi-image_gallery":[],"jnews_single_post":{"subtitle":"","format":"standard","video":"","gallery":"","source_name":"","source_url":"","via_name":"","via_url":"","override_template":"0","override":[{"template":"1","single_blog_custom":"","parallax":"1","fullscreen":"1","layout":"right-sidebar","sidebar":"default-sidebar","second_sidebar":"default-sidebar","sticky_sidebar":"1","share_position":"top","share_float_style":"share-monocrhome","show_share_counter":"1","show_view_counter":"1","show_featured":"1","show_post_meta":"1","show_post_author":"1","show_post_author_image":"1","show_post_date":"1","post_date_format":"default","post_date_format_custom":"Y\/m\/d","show_post_category":"1","show_post_reading_time":"0","post_reading_time_wpm":"300","show_zoom_button":"0","zoom_button_out_step":"2","zoom_button_in_step":"3","show_post_tag":"1","show_prev_next_post":"1","show_popup_post":"1","number_popup_post":"1","show_author_box":"1","show_post_related":"0","show_inline_post_related":"0"}],"override_image_size":"0","image_override":[{"single_post_thumbnail_size":"crop-500","single_post_gallery_size":"crop-500"}],"trending_post":"0","trending_post_position":"meta","trending_post_label":"Trending","sponsored_post":"0","sponsored_post_label":"Sponsored by","sponsored_post_name":"","sponsored_post_url":"","sponsored_post_logo_enable":"0","sponsored_post_logo":"","sponsored_post_desc":"","disable_ad":"0"},"jnews_primary_category":{"id":""},"footnotes":""},"categories":[43,52],"tags":[150,110,96],"class_list":["post-83851","post","type-post","status-publish","format-standard","has-post-thumbnail","hentry","category-estado","category-gobierno-de-tlaxcala","tag-gobierno-del-estado","tag-municipios","tag-tlaxcala"],"aioseo_notices":[],"_links":{"self":[{"href":"https:\/\/estado29.mx\/index.php?rest_route=\/wp\/v2\/posts\/83851","targetHints":{"allow":["GET"]}}],"collection":[{"href":"https:\/\/estado29.mx\/index.php?rest_route=\/wp\/v2\/posts"}],"about":[{"href":"https:\/\/estado29.mx\/index.php?rest_route=\/wp\/v2\/types\/post"}],"author":[{"embeddable":true,"href":"https:\/\/estado29.mx\/index.php?rest_route=\/wp\/v2\/users\/4"}],"replies":[{"embeddable":true,"href":"https:\/\/estado29.mx\/index.php?rest_route=%2Fwp%2Fv2%2Fcomments&post=83851"}],"version-history":[{"count":1,"href":"https:\/\/estado29.mx\/index.php?rest_route=\/wp\/v2\/posts\/83851\/revisions"}],"predecessor-version":[{"id":83853,"href":"https:\/\/estado29.mx\/index.php?rest_route=\/wp\/v2\/posts\/83851\/revisions\/83853"}],"wp:featuredmedia":[{"embeddable":true,"href":"https:\/\/estado29.mx\/index.php?rest_route=\/wp\/v2\/media\/83852"}],"wp:attachment":[{"href":"https:\/\/estado29.mx\/index.php?rest_route=%2Fwp%2Fv2%2Fmedia&parent=83851"}],"wp:term":[{"taxonomy":"category","embeddable":true,"href":"https:\/\/estado29.mx\/index.php?rest_route=%2Fwp%2Fv2%2Fcategories&post=83851"},{"taxonomy":"post_tag","embeddable":true,"href":"https:\/\/estado29.mx\/index.php?rest_route=%2Fwp%2Fv2%2Ftags&post=83851"}],"curies":[{"name":"wp","href":"https:\/\/api.w.org\/{rel}","templated":true}]}}