{"id":83860,"date":"2022-12-16T13:35:26","date_gmt":"2022-12-16T13:35:26","guid":{"rendered":"https:\/\/estado29.mx\/?p=83860"},"modified":"2022-12-16T13:35:27","modified_gmt":"2022-12-16T13:35:27","slug":"invita-secretaria-de-cultura-a-temporada-de-conciertos-navidenos-2022","status":"publish","type":"post","link":"https:\/\/estado29.mx\/?p=83860","title":{"rendered":"Invita secretar\u00eda de cultura a temporada de conciertos navide\u00f1os 2022"},"content":{"rendered":"\n<p><\/p>\n\n\n\n<p>*Habr\u00e1 m\u00fasica de orquesta, cuerdas, metales, maderas, percusiones y canto, a cargo de la Casa de M\u00fasica del estado de Tlaxcala<\/p>\n\n\n\n<p>La Secretar\u00eda de Cultura invita a la poblaci\u00f3n a participar en la temporada de conciertos navide\u00f1os 2022, a cargo de la Casa de M\u00fasica del estado de Tlaxcala, con una programaci\u00f3n variada, entre m\u00fasica de orquesta, cuerdas, metales, maderas, percusiones y canto.<\/p>\n\n\n\n<p>Lo anterior como parte de las directrices de la actual administraci\u00f3n, con el objetivo de mostrar e impulsar el crecimiento profesional de ni\u00f1as, ni\u00f1os y j\u00f3venes tlaxcaltecas, por lo que cada temporada cuenta con un repertorio inigualable.<\/p>\n\n\n\n<p>El secretario de Cultura, Antonio Mart\u00ednez Vel\u00e1zquez expuso que con estas actividades se pretende lograr la uni\u00f3n familiar en la temporada navide\u00f1a, adem\u00e1s de mostrar el desarrollo de las habilidades musicales de los participantes.&nbsp;<\/p>\n\n\n\n<p>Las Orquestas Sinf\u00f3nicas Infantiles de Apizaco, Huamantla y Santa Cruz Tlaxcala, y Jos\u00e9 Pablo Moncayo de Casa de M\u00fasica, ser\u00e1n las encargadas de engalanar foros y espacios p\u00fablicos de la entidad.<\/p>\n\n\n\n<p>Entre las sedes que recibir\u00e1n a las y los j\u00f3venes int\u00e9rpretes, destacan la iglesia de San Andr\u00e9s Ahuashuatepec; la iglesia de Santa B\u00e1rbara, en la comunidad de San Jos\u00e9 Mar\u00eda Morelos, municipio de Huamantla; el atrio de San Dami\u00e1n Tlacocalpan; iglesia de Guadalupe Ixcotla; capilla de la virgen de Guadalupe en la colonia de San Benito y parroquia de Santa Cruz Tlaxcala.<\/p>\n\n\n\n<p>Asimismo, el sal\u00f3n de eventos de San Rafael Atlixtac, ubicado en el municipio de Apizaco y en instituciones educativas como el Centro Escolar Chiautempan, escuela primaria \u201cGabriela Mistral\u201d, y las escuelas secundarias t\u00e9cnicas 16 y 27 ubicadas en los municipios de Tecopilco y Calpulalpan, respectivamente; finalmente, un concierto de gala en la iglesia de nuestra Se\u00f1ora de la Asunci\u00f3n en el ex convento de San Francisco.<\/p>\n\n\n\n<p>Los interesados pueden acercarse a cualquiera de estos espacios y disfrutar de las diversas presentaciones; de igual forma, podr\u00e1n consultar la programaci\u00f3n completa en la p\u00e1gina oficial www.culturatlaxcala.com.mx y en redes sociales de la dependencia.<\/p>\n","protected":false},"excerpt":{"rendered":"<p>*Habr\u00e1 m\u00fasica de orquesta, cuerdas, metales, maderas, percusiones y canto, a cargo de la Casa de M\u00fasica del estado de Tlaxcala La Secretar\u00eda de Cultura invita a la poblaci\u00f3n a participar en la temporada de conciertos navide\u00f1os 2022, a cargo de la Casa de M\u00fasica del estado de Tlaxcala, con una programaci\u00f3n variada, entre m\u00fasica [&hellip;]<\/p>\n","protected":false},"author":4,"featured_media":83861,"comment_status":"open","ping_status":"open","sticky":false,"template":"","format":"standard","meta":{"om_disable_all_campaigns":false,"_monsterinsights_skip_tracking":false,"_monsterinsights_sitenote_active":false,"_monsterinsights_sitenote_note":"","_monsterinsights_sitenote_category":0,"jnews-multi-image_gallery":[],"jnews_single_post":{"subtitle":"","format":"standard","video":"","gallery":"","source_name":"","source_url":"","via_name":"","via_url":"","override_template":"0","override":[{"template":"1","single_blog_custom":"","parallax":"1","fullscreen":"1","layout":"right-sidebar","sidebar":"default-sidebar","second_sidebar":"default-sidebar","sticky_sidebar":"1","share_position":"top","share_float_style":"share-monocrhome","show_share_counter":"1","show_view_counter":"1","show_featured":"1","show_post_meta":"1","show_post_author":"1","show_post_author_image":"1","show_post_date":"1","post_date_format":"default","post_date_format_custom":"Y\/m\/d","show_post_category":"1","show_post_reading_time":"0","post_reading_time_wpm":"300","show_zoom_button":"0","zoom_button_out_step":"2","zoom_button_in_step":"3","show_post_tag":"1","show_prev_next_post":"1","show_popup_post":"1","number_popup_post":"1","show_author_box":"1","show_post_related":"0","show_inline_post_related":"0"}],"override_image_size":"0","image_override":[{"single_post_thumbnail_size":"crop-500","single_post_gallery_size":"crop-500"}],"trending_post":"0","trending_post_position":"meta","trending_post_label":"Trending","sponsored_post":"0","sponsored_post_label":"Sponsored by","sponsored_post_name":"","sponsored_post_url":"","sponsored_post_logo_enable":"0","sponsored_post_logo":"","sponsored_post_desc":"","disable_ad":"0"},"jnews_primary_category":{"id":""},"footnotes":""},"categories":[43,52],"tags":[150,110,96],"class_list":["post-83860","post","type-post","status-publish","format-standard","has-post-thumbnail","hentry","category-estado","category-gobierno-de-tlaxcala","tag-gobierno-del-estado","tag-municipios","tag-tlaxcala"],"aioseo_notices":[],"_links":{"self":[{"href":"https:\/\/estado29.mx\/index.php?rest_route=\/wp\/v2\/posts\/83860","targetHints":{"allow":["GET"]}}],"collection":[{"href":"https:\/\/estado29.mx\/index.php?rest_route=\/wp\/v2\/posts"}],"about":[{"href":"https:\/\/estado29.mx\/index.php?rest_route=\/wp\/v2\/types\/post"}],"author":[{"embeddable":true,"href":"https:\/\/estado29.mx\/index.php?rest_route=\/wp\/v2\/users\/4"}],"replies":[{"embeddable":true,"href":"https:\/\/estado29.mx\/index.php?rest_route=%2Fwp%2Fv2%2Fcomments&post=83860"}],"version-history":[{"count":1,"href":"https:\/\/estado29.mx\/index.php?rest_route=\/wp\/v2\/posts\/83860\/revisions"}],"predecessor-version":[{"id":83862,"href":"https:\/\/estado29.mx\/index.php?rest_route=\/wp\/v2\/posts\/83860\/revisions\/83862"}],"wp:featuredmedia":[{"embeddable":true,"href":"https:\/\/estado29.mx\/index.php?rest_route=\/wp\/v2\/media\/83861"}],"wp:attachment":[{"href":"https:\/\/estado29.mx\/index.php?rest_route=%2Fwp%2Fv2%2Fmedia&parent=83860"}],"wp:term":[{"taxonomy":"category","embeddable":true,"href":"https:\/\/estado29.mx\/index.php?rest_route=%2Fwp%2Fv2%2Fcategories&post=83860"},{"taxonomy":"post_tag","embeddable":true,"href":"https:\/\/estado29.mx\/index.php?rest_route=%2Fwp%2Fv2%2Ftags&post=83860"}],"curies":[{"name":"wp","href":"https:\/\/api.w.org\/{rel}","templated":true}]}}