{"id":83863,"date":"2022-12-16T13:37:05","date_gmt":"2022-12-16T13:37:05","guid":{"rendered":"https:\/\/estado29.mx\/?p=83863"},"modified":"2022-12-16T13:37:05","modified_gmt":"2022-12-16T13:37:05","slug":"congreso-toma-protesta-a-magistrados-como-nuevos-integrantes-del-tcya-tlaxcala","status":"publish","type":"post","link":"https:\/\/estado29.mx\/?p=83863","title":{"rendered":"Congreso toma protesta a magistrados como nuevos integrantes del TCyA Tlaxcala"},"content":{"rendered":"\n<p>Las y los integrantes de la LXIV Legislatura del Congreso del Estado de Tlaxcala, tomaron protesta de Ley a Miguel \u00c1ngel Tlapale Hern\u00e1ndez y a Raymundo Amador Garc\u00eda, como magistrado presidente del Tribunal de Conciliaci\u00f3n y Arbitraje del Estado y magistrado representante patronal de los Poderes P\u00fablicos, Municipios o Ayuntamientos ante dicho Tribunal, respectivamente, por el periodo comprendido del 12 de enero de 2023 al 11 de enero de 2027.<\/p>\n\n\n\n<p>En total cumplimiento a lo establecido en el art\u00edculo 54 fracci\u00f3n XV y 116 de la Constituci\u00f3n Pol\u00edtica del Estado Libre y Soberano de Tlaxcala, en los que se establece como una de las facultades del Poder Legislativo, rendir protesta a los magistrados integrantes del Tribunal de Conciliaci\u00f3n y arbitraje del Estado, y cuya duraci\u00f3n en el cargo constar\u00e1 de seis a\u00f1os y podr\u00e1n ser ratificados por un periodo igual, los Magistrados protestaron guardar y hacer guardar la Constituci\u00f3n Federal, la particular del Estado y las leyes que de ellas emanen.<\/p>\n\n\n\n<p>De esta manera y conforme a lo que estipula el art\u00edculo 87 de la Ley Laboral de los Servidores P\u00fablicos del Estado de Tlaxcala y sus Municipios, Miguel \u00c1ngel Tlapale Hern\u00e1ndez y Raymundo Amador Garc\u00eda, fungir\u00e1n como integrantes de este \u00f3rgano colegiado y quienes deber\u00e1n regir su actuar bajo los principios de legalidad, honradez y transparencia.<\/p>\n","protected":false},"excerpt":{"rendered":"<p>Las y los integrantes de la LXIV Legislatura del Congreso del Estado de Tlaxcala, tomaron protesta de Ley a Miguel \u00c1ngel Tlapale Hern\u00e1ndez y a Raymundo Amador Garc\u00eda, como magistrado presidente del Tribunal de Conciliaci\u00f3n y Arbitraje del Estado y magistrado representante patronal de los Poderes P\u00fablicos, Municipios o Ayuntamientos ante dicho Tribunal, respectivamente, por [&hellip;]<\/p>\n","protected":false},"author":4,"featured_media":83864,"comment_status":"open","ping_status":"open","sticky":false,"template":"","format":"standard","meta":{"om_disable_all_campaigns":false,"_monsterinsights_skip_tracking":false,"_monsterinsights_sitenote_active":false,"_monsterinsights_sitenote_note":"","_monsterinsights_sitenote_category":0,"jnews-multi-image_gallery":[],"jnews_single_post":{"subtitle":"","format":"standard","video":"","gallery":"","source_name":"","source_url":"","via_name":"","via_url":"","override_template":"0","override":[{"template":"1","single_blog_custom":"","parallax":"1","fullscreen":"1","layout":"right-sidebar","sidebar":"default-sidebar","second_sidebar":"default-sidebar","sticky_sidebar":"1","share_position":"top","share_float_style":"share-monocrhome","show_share_counter":"1","show_view_counter":"1","show_featured":"1","show_post_meta":"1","show_post_author":"1","show_post_author_image":"1","show_post_date":"1","post_date_format":"default","post_date_format_custom":"Y\/m\/d","show_post_category":"1","show_post_reading_time":"0","post_reading_time_wpm":"300","show_zoom_button":"0","zoom_button_out_step":"2","zoom_button_in_step":"3","show_post_tag":"1","show_prev_next_post":"1","show_popup_post":"1","number_popup_post":"1","show_author_box":"1","show_post_related":"0","show_inline_post_related":"0"}],"override_image_size":"0","image_override":[{"single_post_thumbnail_size":"crop-500","single_post_gallery_size":"crop-500"}],"trending_post":"0","trending_post_position":"meta","trending_post_label":"Trending","sponsored_post":"0","sponsored_post_label":"Sponsored by","sponsored_post_name":"","sponsored_post_url":"","sponsored_post_logo_enable":"0","sponsored_post_logo":"","sponsored_post_desc":"","disable_ad":"0"},"jnews_primary_category":{"id":""},"footnotes":""},"categories":[53,43],"tags":[180,96],"class_list":["post-83863","post","type-post","status-publish","format-standard","has-post-thumbnail","hentry","category-congreso","category-estado","tag-congreso-del-estado","tag-tlaxcala"],"aioseo_notices":[],"_links":{"self":[{"href":"https:\/\/estado29.mx\/index.php?rest_route=\/wp\/v2\/posts\/83863","targetHints":{"allow":["GET"]}}],"collection":[{"href":"https:\/\/estado29.mx\/index.php?rest_route=\/wp\/v2\/posts"}],"about":[{"href":"https:\/\/estado29.mx\/index.php?rest_route=\/wp\/v2\/types\/post"}],"author":[{"embeddable":true,"href":"https:\/\/estado29.mx\/index.php?rest_route=\/wp\/v2\/users\/4"}],"replies":[{"embeddable":true,"href":"https:\/\/estado29.mx\/index.php?rest_route=%2Fwp%2Fv2%2Fcomments&post=83863"}],"version-history":[{"count":1,"href":"https:\/\/estado29.mx\/index.php?rest_route=\/wp\/v2\/posts\/83863\/revisions"}],"predecessor-version":[{"id":83865,"href":"https:\/\/estado29.mx\/index.php?rest_route=\/wp\/v2\/posts\/83863\/revisions\/83865"}],"wp:featuredmedia":[{"embeddable":true,"href":"https:\/\/estado29.mx\/index.php?rest_route=\/wp\/v2\/media\/83864"}],"wp:attachment":[{"href":"https:\/\/estado29.mx\/index.php?rest_route=%2Fwp%2Fv2%2Fmedia&parent=83863"}],"wp:term":[{"taxonomy":"category","embeddable":true,"href":"https:\/\/estado29.mx\/index.php?rest_route=%2Fwp%2Fv2%2Fcategories&post=83863"},{"taxonomy":"post_tag","embeddable":true,"href":"https:\/\/estado29.mx\/index.php?rest_route=%2Fwp%2Fv2%2Ftags&post=83863"}],"curies":[{"name":"wp","href":"https:\/\/api.w.org\/{rel}","templated":true}]}}