{"id":83866,"date":"2022-12-16T13:41:56","date_gmt":"2022-12-16T13:41:56","guid":{"rendered":"https:\/\/estado29.mx\/?p=83866"},"modified":"2022-12-16T13:41:57","modified_gmt":"2022-12-16T13:41:57","slug":"invita-gobierno-del-estado-a-la-gran-inauguracion-de-la-villa-navidena-tlaxcala-2022","status":"publish","type":"post","link":"https:\/\/estado29.mx\/?p=83866","title":{"rendered":"Invita gobierno del estado a la gran inauguraci\u00f3n de la villa navide\u00f1a Tlaxcala 2022"},"content":{"rendered":"\n<p>*Contar\u00e1 con atracciones y actividades para toda la familia<\/p>\n\n\n\n<p>El gobierno del estado, a trav\u00e9s del Patronato para las Exposiciones y Ferias en la Ciudad de Tlaxcala, invita a la ciudadan\u00eda en general a la inauguraci\u00f3n de la Villa Navide\u00f1a Tlaxcala 2022, junto con el encendido de luces del \u00e1rbol de Navidad, que se realizar\u00e1 el pr\u00f3ximo 16 de diciembre a las 19:00 horas, en las instalaciones del recinto ferial.<\/p>\n\n\n\n<p>Ser\u00e1 del 16 de diciembre de 2022 y hasta el 2 de enero de 2023, donde locales y turistas disfrutar\u00e1n de un espacio dise\u00f1ado y planeado para que toda la familia asista a las presentaciones, espect\u00e1culos y diversi\u00f3n, en donde por primera vez la gran Villa Navide\u00f1a Tlaxcala 2022 contar\u00e1 con un circo para los peque\u00f1os del hogar, adem\u00e1s de pista de hielo, toboganes y de un gran desfile navide\u00f1o que se realizar\u00e1 los fines de semana en este recinto.<\/p>\n\n\n\n<p>Cabe se\u00f1alar que la mayor\u00eda de las actividades ser\u00e1n gratuitas y habr\u00e1 donaci\u00f3n de juguetes que ser\u00e1n entregados a los ni\u00f1os que m\u00e1s lo necesitan, el espacio estar\u00e1 abierto al p\u00fablico todos los d\u00edas a partir de las 15:00 horas con un costo de 10 pesos para el acceso.<\/p>\n\n\n\n<p>Adem\u00e1s, se contar\u00e1 con un tren navide\u00f1o, venta de artesan\u00edas, alimentos, bebidas y muchos productos. Se solicita a los visitantes cuidar el lugar para poder disfrutar de este espacio de esparcimiento familiar para celebrar estas fiestas decembrinas.<\/p>\n","protected":false},"excerpt":{"rendered":"<p>*Contar\u00e1 con atracciones y actividades para toda la familia El gobierno del estado, a trav\u00e9s del Patronato para las Exposiciones y Ferias en la Ciudad de Tlaxcala, invita a la ciudadan\u00eda en general a la inauguraci\u00f3n de la Villa Navide\u00f1a Tlaxcala 2022, junto con el encendido de luces del \u00e1rbol de Navidad, que se realizar\u00e1 [&hellip;]<\/p>\n","protected":false},"author":4,"featured_media":83867,"comment_status":"open","ping_status":"open","sticky":false,"template":"","format":"standard","meta":{"om_disable_all_campaigns":false,"_monsterinsights_skip_tracking":false,"_monsterinsights_sitenote_active":false,"_monsterinsights_sitenote_note":"","_monsterinsights_sitenote_category":0,"jnews-multi-image_gallery":[],"jnews_single_post":{"subtitle":"","format":"standard","video":"","gallery":"","source_name":"","source_url":"","via_name":"","via_url":"","override_template":"0","override":[{"template":"1","single_blog_custom":"","parallax":"1","fullscreen":"1","layout":"right-sidebar","sidebar":"default-sidebar","second_sidebar":"default-sidebar","sticky_sidebar":"1","share_position":"top","share_float_style":"share-monocrhome","show_share_counter":"1","show_view_counter":"1","show_featured":"1","show_post_meta":"1","show_post_author":"1","show_post_author_image":"1","show_post_date":"1","post_date_format":"default","post_date_format_custom":"Y\/m\/d","show_post_category":"1","show_post_reading_time":"0","post_reading_time_wpm":"300","show_zoom_button":"0","zoom_button_out_step":"2","zoom_button_in_step":"3","show_post_tag":"1","show_prev_next_post":"1","show_popup_post":"1","number_popup_post":"1","show_author_box":"1","show_post_related":"0","show_inline_post_related":"0"}],"override_image_size":"0","image_override":[{"single_post_thumbnail_size":"crop-500","single_post_gallery_size":"crop-500"}],"trending_post":"0","trending_post_position":"meta","trending_post_label":"Trending","sponsored_post":"0","sponsored_post_label":"Sponsored by","sponsored_post_name":"","sponsored_post_url":"","sponsored_post_logo_enable":"0","sponsored_post_logo":"","sponsored_post_desc":"","disable_ad":"0"},"jnews_primary_category":{"id":""},"footnotes":""},"categories":[43,52],"tags":[150,110,96],"class_list":["post-83866","post","type-post","status-publish","format-standard","has-post-thumbnail","hentry","category-estado","category-gobierno-de-tlaxcala","tag-gobierno-del-estado","tag-municipios","tag-tlaxcala"],"aioseo_notices":[],"_links":{"self":[{"href":"https:\/\/estado29.mx\/index.php?rest_route=\/wp\/v2\/posts\/83866","targetHints":{"allow":["GET"]}}],"collection":[{"href":"https:\/\/estado29.mx\/index.php?rest_route=\/wp\/v2\/posts"}],"about":[{"href":"https:\/\/estado29.mx\/index.php?rest_route=\/wp\/v2\/types\/post"}],"author":[{"embeddable":true,"href":"https:\/\/estado29.mx\/index.php?rest_route=\/wp\/v2\/users\/4"}],"replies":[{"embeddable":true,"href":"https:\/\/estado29.mx\/index.php?rest_route=%2Fwp%2Fv2%2Fcomments&post=83866"}],"version-history":[{"count":1,"href":"https:\/\/estado29.mx\/index.php?rest_route=\/wp\/v2\/posts\/83866\/revisions"}],"predecessor-version":[{"id":83868,"href":"https:\/\/estado29.mx\/index.php?rest_route=\/wp\/v2\/posts\/83866\/revisions\/83868"}],"wp:featuredmedia":[{"embeddable":true,"href":"https:\/\/estado29.mx\/index.php?rest_route=\/wp\/v2\/media\/83867"}],"wp:attachment":[{"href":"https:\/\/estado29.mx\/index.php?rest_route=%2Fwp%2Fv2%2Fmedia&parent=83866"}],"wp:term":[{"taxonomy":"category","embeddable":true,"href":"https:\/\/estado29.mx\/index.php?rest_route=%2Fwp%2Fv2%2Fcategories&post=83866"},{"taxonomy":"post_tag","embeddable":true,"href":"https:\/\/estado29.mx\/index.php?rest_route=%2Fwp%2Fv2%2Ftags&post=83866"}],"curies":[{"name":"wp","href":"https:\/\/api.w.org\/{rel}","templated":true}]}}