{"id":83878,"date":"2022-12-19T13:25:52","date_gmt":"2022-12-19T13:25:52","guid":{"rendered":"https:\/\/estado29.mx\/?p=83878"},"modified":"2022-12-19T13:25:53","modified_gmt":"2022-12-19T13:25:53","slug":"inicio-primer-periodo-vacacional-del-ciclo-escolar-2022-2023","status":"publish","type":"post","link":"https:\/\/estado29.mx\/?p=83878","title":{"rendered":"Inici\u00f3 primer periodo vacacional del ciclo escolar 2022-2023"},"content":{"rendered":"\n<p>*Los docentes y personal de apoyo y asistencia a la educaci\u00f3n retomar\u00e1n actividades del 2 al 6 de enero de 2023<\/p>\n\n\n\n<p>De acuerdo al calendario escolar 2022-2023, un total de 368 mil 893 alumnos y 35 mil 96 trabajadores de la ense\u00f1anza, pertenecientes a 2 mil 454 escuelas p\u00fablicas y privadas de educaci\u00f3n inicial, b\u00e1sica, media superior y superior, as\u00ed como de oficinas centrales de la Secretar\u00eda de Educaci\u00f3n P\u00fablica del Estado (SEPE) y Unidad de Servicios Educativos del Estado de Tlaxcala (USET) comenzar\u00e1n su periodo vacacional a partir del 19 de diciembre y reanudar\u00e1n labores el 09 de enero.<\/p>\n\n\n\n<p>Sin embargo, los docentes y personal de apoyo y asistencia a la educaci\u00f3n retomar\u00e1n su trabajo del 2 al 6 de enero, para participar en el taller intensivo de formaci\u00f3n continua denominado \u201cNuevos planes y programas de estudio\u201d.<\/p>\n\n\n\n<p>El titular de la SEPE-USET, Homero Meneses Hern\u00e1ndez, conmin\u00f3 a la comunidad educativa a disfrutar sus vacaciones en compa\u00f1\u00eda de familiares y amigos, para regresar en el 2023 actitud positiva de frente a los retos de la educaci\u00f3n en la entidad, para cumplir los planes y objetivos establecidos por la federaci\u00f3n.<\/p>\n\n\n\n<p>Resalt\u00f3 la importancia de fortalecer el trabajo desarrollado en los consejos t\u00e9cnicos escolares, pues uno de los objetivos centrales es mejorar los procesos de ense\u00f1anza-aprendizaje en beneficio de los ni\u00f1os y j\u00f3venes tlaxcaltecas.<\/p>\n\n\n\n<p>El funcionario agradeci\u00f3 la responsabilidad y el trabajo colectivo de jefes de sector, supervisores, directivos, jefes de departamento, maestros, as\u00ed como del personal de apoyo y asistencia a la educaci\u00f3n, por sumarse al proyecto de lograr una verdadera transformaci\u00f3n educativa.<\/p>\n\n\n\n<p>Destacar que las actividades que marca el calendario escolar 2022-2023, establecen que, del 01 al 15 de febrero, se llevar\u00e1 a cabo el periodo de preinscripci\u00f3n en los niveles de preescolar, primeros grados de primaria y secundaria para el ciclo escolar 2023-2024.<\/p>\n","protected":false},"excerpt":{"rendered":"<p>*Los docentes y personal de apoyo y asistencia a la educaci\u00f3n retomar\u00e1n actividades del 2 al 6 de enero de 2023 De acuerdo al calendario escolar 2022-2023, un total de 368 mil 893 alumnos y 35 mil 96 trabajadores de la ense\u00f1anza, pertenecientes a 2 mil 454 escuelas p\u00fablicas y privadas de educaci\u00f3n inicial, b\u00e1sica, [&hellip;]<\/p>\n","protected":false},"author":4,"featured_media":83879,"comment_status":"open","ping_status":"open","sticky":false,"template":"","format":"standard","meta":{"om_disable_all_campaigns":false,"_monsterinsights_skip_tracking":false,"_monsterinsights_sitenote_active":false,"_monsterinsights_sitenote_note":"","_monsterinsights_sitenote_category":0,"jnews-multi-image_gallery":[],"jnews_single_post":{"subtitle":"","format":"standard","video":"","gallery":"","source_name":"","source_url":"","via_name":"","via_url":"","override_template":"0","override":[{"template":"1","single_blog_custom":"","parallax":"1","fullscreen":"1","layout":"right-sidebar","sidebar":"default-sidebar","second_sidebar":"default-sidebar","sticky_sidebar":"1","share_position":"top","share_float_style":"share-monocrhome","show_share_counter":"1","show_view_counter":"1","show_featured":"1","show_post_meta":"1","show_post_author":"1","show_post_author_image":"1","show_post_date":"1","post_date_format":"default","post_date_format_custom":"Y\/m\/d","show_post_category":"1","show_post_reading_time":"0","post_reading_time_wpm":"300","show_zoom_button":"0","zoom_button_out_step":"2","zoom_button_in_step":"3","show_post_tag":"1","show_prev_next_post":"1","show_popup_post":"1","number_popup_post":"1","show_author_box":"1","show_post_related":"0","show_inline_post_related":"0"}],"override_image_size":"0","image_override":[{"single_post_thumbnail_size":"crop-500","single_post_gallery_size":"crop-500"}],"trending_post":"0","trending_post_position":"meta","trending_post_label":"Trending","sponsored_post":"0","sponsored_post_label":"Sponsored by","sponsored_post_name":"","sponsored_post_url":"","sponsored_post_logo_enable":"0","sponsored_post_logo":"","sponsored_post_desc":"","disable_ad":"0"},"jnews_primary_category":{"id":""},"footnotes":""},"categories":[43,52],"tags":[150,110,96],"class_list":["post-83878","post","type-post","status-publish","format-standard","has-post-thumbnail","hentry","category-estado","category-gobierno-de-tlaxcala","tag-gobierno-del-estado","tag-municipios","tag-tlaxcala"],"aioseo_notices":[],"_links":{"self":[{"href":"https:\/\/estado29.mx\/index.php?rest_route=\/wp\/v2\/posts\/83878","targetHints":{"allow":["GET"]}}],"collection":[{"href":"https:\/\/estado29.mx\/index.php?rest_route=\/wp\/v2\/posts"}],"about":[{"href":"https:\/\/estado29.mx\/index.php?rest_route=\/wp\/v2\/types\/post"}],"author":[{"embeddable":true,"href":"https:\/\/estado29.mx\/index.php?rest_route=\/wp\/v2\/users\/4"}],"replies":[{"embeddable":true,"href":"https:\/\/estado29.mx\/index.php?rest_route=%2Fwp%2Fv2%2Fcomments&post=83878"}],"version-history":[{"count":1,"href":"https:\/\/estado29.mx\/index.php?rest_route=\/wp\/v2\/posts\/83878\/revisions"}],"predecessor-version":[{"id":83880,"href":"https:\/\/estado29.mx\/index.php?rest_route=\/wp\/v2\/posts\/83878\/revisions\/83880"}],"wp:featuredmedia":[{"embeddable":true,"href":"https:\/\/estado29.mx\/index.php?rest_route=\/wp\/v2\/media\/83879"}],"wp:attachment":[{"href":"https:\/\/estado29.mx\/index.php?rest_route=%2Fwp%2Fv2%2Fmedia&parent=83878"}],"wp:term":[{"taxonomy":"category","embeddable":true,"href":"https:\/\/estado29.mx\/index.php?rest_route=%2Fwp%2Fv2%2Fcategories&post=83878"},{"taxonomy":"post_tag","embeddable":true,"href":"https:\/\/estado29.mx\/index.php?rest_route=%2Fwp%2Fv2%2Ftags&post=83878"}],"curies":[{"name":"wp","href":"https:\/\/api.w.org\/{rel}","templated":true}]}}