{"id":83881,"date":"2022-12-19T13:28:17","date_gmt":"2022-12-19T13:28:17","guid":{"rendered":"https:\/\/estado29.mx\/?p=83881"},"modified":"2022-12-19T13:28:18","modified_gmt":"2022-12-19T13:28:18","slug":"acerco-sedif-servicios-medicos-a-poblacion-vulnerable-con-164-jornadas-de-salud","status":"publish","type":"post","link":"https:\/\/estado29.mx\/?p=83881","title":{"rendered":"Acerc\u00f3 SEDIF servicios m\u00e9dicos a poblaci\u00f3n vulnerable con 164 jornadas de salud"},"content":{"rendered":"\n<p>*Las acciones tienen como objetivo mejorar las condiciones de la poblaci\u00f3n sin acceso a servicios de salud.<\/p>\n\n\n\n<p>El Sistema Estatal para el Desarrollo Integral de la Familia (Sedif), a trav\u00e9s del departamento de Fomento a la Salud, acerc\u00f3 a los grupos de atenci\u00f3n prioritaria de comunidades con alto grado de marginaci\u00f3n, servicios b\u00e1sicos de salud a trav\u00e9s de 164 jornadas m\u00f3viles que beneficiaron a 19 mil 755 personas.<\/p>\n\n\n\n<p>Con esas acciones el Sedif brinda servicios m\u00e9dicos, orientaci\u00f3n y consejer\u00eda totalmente gratuita sobre la prevenci\u00f3n y atenci\u00f3n de distintos padecimientos, adem\u00e1s realiza detecci\u00f3n de diabetes mellitus, hipertensi\u00f3n arterial y exploraci\u00f3n de c\u00e1ncer de mama.<\/p>\n\n\n\n<p>Acorde a lo establecido como l\u00ednea de acci\u00f3n en el Plan Estatal de Desarrollo de Tlaxcala 2021-2027, se implement\u00f3 y fortaleci\u00f3 la infraestructura, recursos humanos y equipamiento en el \u00e1mbito de los servicios integrales de salud, sociales e institucionales; se establecieron convenios interinstitucionales para la prestaci\u00f3n de servicios profesionales en materia de salud.<\/p>\n\n\n\n<p>En este primer a\u00f1o de gobierno, el Sistema Estatal DIF otorg\u00f3 12 mil 920 consultas externas de medicina general, odontolog\u00eda y nutrici\u00f3n, para beneficiar al mismo n\u00famero de personas.<\/p>\n\n\n\n<p>Las jornadas m\u00e9dicas tienen la finalidad de disminuir la brecha entre el otorgamiento de los servicios de salud y la poblaci\u00f3n, para fortalecer y optimizar las jornadas de servicios integrales para la poblaci\u00f3n vulnerable del estado.<\/p>\n\n\n\n<p>Esto garantiza la continuaci\u00f3n y fortalecimiento de las acciones existentes, con un enfoque de calidad que colaboran en la mitigaci\u00f3n del rezago de servicios preventivos, tratamiento y seguimiento de enfermedades a poblaci\u00f3n vulnerable.<\/p>\n","protected":false},"excerpt":{"rendered":"<p>*Las acciones tienen como objetivo mejorar las condiciones de la poblaci\u00f3n sin acceso a servicios de salud. El Sistema Estatal para el Desarrollo Integral de la Familia (Sedif), a trav\u00e9s del departamento de Fomento a la Salud, acerc\u00f3 a los grupos de atenci\u00f3n prioritaria de comunidades con alto grado de marginaci\u00f3n, servicios b\u00e1sicos de salud [&hellip;]<\/p>\n","protected":false},"author":4,"featured_media":83882,"comment_status":"open","ping_status":"open","sticky":false,"template":"","format":"standard","meta":{"om_disable_all_campaigns":false,"_monsterinsights_skip_tracking":false,"_monsterinsights_sitenote_active":false,"_monsterinsights_sitenote_note":"","_monsterinsights_sitenote_category":0,"jnews-multi-image_gallery":[],"jnews_single_post":{"subtitle":"","format":"standard","video":"","gallery":"","source_name":"","source_url":"","via_name":"","via_url":"","override_template":"0","override":[{"template":"1","single_blog_custom":"","parallax":"1","fullscreen":"1","layout":"right-sidebar","sidebar":"default-sidebar","second_sidebar":"default-sidebar","sticky_sidebar":"1","share_position":"top","share_float_style":"share-monocrhome","show_share_counter":"1","show_view_counter":"1","show_featured":"1","show_post_meta":"1","show_post_author":"1","show_post_author_image":"1","show_post_date":"1","post_date_format":"default","post_date_format_custom":"Y\/m\/d","show_post_category":"1","show_post_reading_time":"0","post_reading_time_wpm":"300","show_zoom_button":"0","zoom_button_out_step":"2","zoom_button_in_step":"3","show_post_tag":"1","show_prev_next_post":"1","show_popup_post":"1","number_popup_post":"1","show_author_box":"1","show_post_related":"0","show_inline_post_related":"0"}],"override_image_size":"0","image_override":[{"single_post_thumbnail_size":"crop-500","single_post_gallery_size":"crop-500"}],"trending_post":"0","trending_post_position":"meta","trending_post_label":"Trending","sponsored_post":"0","sponsored_post_label":"Sponsored by","sponsored_post_name":"","sponsored_post_url":"","sponsored_post_logo_enable":"0","sponsored_post_logo":"","sponsored_post_desc":"","disable_ad":"0"},"jnews_primary_category":{"id":""},"footnotes":""},"categories":[43,52],"tags":[150,110,96],"class_list":["post-83881","post","type-post","status-publish","format-standard","has-post-thumbnail","hentry","category-estado","category-gobierno-de-tlaxcala","tag-gobierno-del-estado","tag-municipios","tag-tlaxcala"],"aioseo_notices":[],"_links":{"self":[{"href":"https:\/\/estado29.mx\/index.php?rest_route=\/wp\/v2\/posts\/83881","targetHints":{"allow":["GET"]}}],"collection":[{"href":"https:\/\/estado29.mx\/index.php?rest_route=\/wp\/v2\/posts"}],"about":[{"href":"https:\/\/estado29.mx\/index.php?rest_route=\/wp\/v2\/types\/post"}],"author":[{"embeddable":true,"href":"https:\/\/estado29.mx\/index.php?rest_route=\/wp\/v2\/users\/4"}],"replies":[{"embeddable":true,"href":"https:\/\/estado29.mx\/index.php?rest_route=%2Fwp%2Fv2%2Fcomments&post=83881"}],"version-history":[{"count":1,"href":"https:\/\/estado29.mx\/index.php?rest_route=\/wp\/v2\/posts\/83881\/revisions"}],"predecessor-version":[{"id":83883,"href":"https:\/\/estado29.mx\/index.php?rest_route=\/wp\/v2\/posts\/83881\/revisions\/83883"}],"wp:featuredmedia":[{"embeddable":true,"href":"https:\/\/estado29.mx\/index.php?rest_route=\/wp\/v2\/media\/83882"}],"wp:attachment":[{"href":"https:\/\/estado29.mx\/index.php?rest_route=%2Fwp%2Fv2%2Fmedia&parent=83881"}],"wp:term":[{"taxonomy":"category","embeddable":true,"href":"https:\/\/estado29.mx\/index.php?rest_route=%2Fwp%2Fv2%2Fcategories&post=83881"},{"taxonomy":"post_tag","embeddable":true,"href":"https:\/\/estado29.mx\/index.php?rest_route=%2Fwp%2Fv2%2Ftags&post=83881"}],"curies":[{"name":"wp","href":"https:\/\/api.w.org\/{rel}","templated":true}]}}