{"id":83884,"date":"2022-12-19T13:29:49","date_gmt":"2022-12-19T13:29:49","guid":{"rendered":"https:\/\/estado29.mx\/?p=83884"},"modified":"2022-12-19T13:29:49","modified_gmt":"2022-12-19T13:29:49","slug":"fortalecera-gobierno-estatal-acciones-para-impulsar-el-deporte-en-la-entidad","status":"publish","type":"post","link":"https:\/\/estado29.mx\/?p=83884","title":{"rendered":"Fortalecer\u00e1 gobierno estatal acciones para impulsar el deporte en la entidad"},"content":{"rendered":"\n<p>*Con la llegada de eventos de talla nacional e internacional que posicionan a Tlaxcala como epicentro deportivo, la administraci\u00f3n estatal impulsa el desarrollo integral del sector<\/p>\n\n\n\n<p>El Gobierno del Estado, a trav\u00e9s del Instituto del Deporte de Tlaxcala (IDET), reafirm\u00f3 su compromiso de intensificar el trabajo durante el 2023, ya que la entidad recibir\u00e1 el Campeonato Mundial de Voleibol de Playa y la segunda edici\u00f3n del Medio Marat\u00f3n Internacional Tlaxcallan, actividades que se traducir\u00e1n en beneficios para la poblaci\u00f3n.<\/p>\n\n\n\n<p>La titular del IDET, Mada\u00ed P\u00e9rez Carrillo, se\u00f1al\u00f3 que el pr\u00f3ximo a\u00f1o ser\u00e1 de retos y trabajo, debido a los eventos de talla nacional e internacional de los que el estado ser\u00e1 sede, sumado a las actividades del Plan Operativo Anual (POA).<\/p>\n\n\n\n<p>\u201cEstamos ante un a\u00f1o con muchos proyectos, queremos sobrepasar las expectativas, porque hubo excelentes resultados con los eventos anteriores en las disciplinas de voleibol de playa y de tiro con arco, nuestra misi\u00f3n es superar esos efectos, queremos que m\u00e1s gente se enamore de Tlaxcala\u201d, indic\u00f3.<\/p>\n\n\n\n<p>En el rubro de desarrollo deportivo, iniciar\u00e1 la etapa municipal con perspectiva a la participaci\u00f3n de los Nacionales Conade, por lo que comenzar\u00e1n con la detecci\u00f3n y captaci\u00f3n de talentos a trav\u00e9s del equipo metodol\u00f3gico y entrenadores en las escuelas t\u00e9cnicas de formaci\u00f3n deportiva; lo que conlleva a trabajar de manera conjunta para lograr la clasificaci\u00f3n del mayor n\u00famero de atletas en sus diferentes fases.<\/p>\n\n\n\n<p>En el caso de los Paranacionales Conade, Juegos Populares y Juegos Aut\u00f3ctonos, se mantendr\u00e1 el seguimiento correspondiente para la preparaci\u00f3n de los deportistas, sumado a que incluir\u00e1n la captaci\u00f3n de nuevos talentos.<\/p>\n\n\n\n<p>\u201cCon ello se incluir\u00e1 el trabajo de las Escuelas T\u00e9cnicas de Formaci\u00f3n Deportiva, en donde ya se muestra un avance significativo para integrarlos tambi\u00e9n, a manera de fogueo a las justas estatales, porque queremos que se capte el mayor talento posible\u201d, explic\u00f3.<\/p>\n\n\n\n<p>El pr\u00f3ximo a\u00f1o habr\u00e1 competencias selectivas internacionales como Juegos Centroamericanos que se celebrar\u00e1n en El Salvador y los Panamericanos en Chile, en categor\u00edas juveniles y elite, por lo que continuar\u00e1n con el apoyo a deportistas de alto rendimiento que les permita el desarrollo \u00f3ptimo para encarar los procesos clasificatorios.<\/p>\n\n\n\n<p>Adem\u00e1s, incentivar\u00e1n a los entrenadores y deportistas con el programa de becas y est\u00edmulos deportivos que refrenden el apoyo y el compromiso que la actual administraci\u00f3n tiene con los diferentes sectores de la poblaci\u00f3n.<\/p>\n\n\n\n<p>Por otro lado, el programa Mujeres Guerreras, regresar\u00e1 con mayor firmeza para continuar con la capacitaci\u00f3n del sector femenil, y que as\u00ed, puedan identificar casos de violencia, enfrentarlos, disminuirlos y\/o erradicarlos, para lograr un ambiente de respeto y pleno desarrollo en cualquier \u00e1mbito.<\/p>\n\n\n\n<p>El \u201cTorneo 4 Se\u00f1or\u00edos\u201d y la \u201cMiniolimpiada\u201d, incentivar\u00e1n a los ni\u00f1os y j\u00f3venes para que opten por integrarse a los deportes que se ofertar\u00e1n durante el desarrollo de los eventos que abarcar\u00e1n los 60 municipios del estado.<\/p>\n\n\n\n<p>Como parte del trabajo coordinado con la Comisi\u00f3n Nacional de Cultura F\u00edsica y Deporte (Conade), el IDET generar\u00e1 actividades para todas las edades con la finalidad de que m\u00e1s personas opten por una vida saludable.<\/p>\n\n\n\n<p>Adem\u00e1s, se sumar\u00e1n estrategias espec\u00edficas a trav\u00e9s de los programas \u201cAct\u00edvate y Brilla como un Rey Mago\u201d, \u201cAct\u00edvate con el IDET\u201d, \u201cBiciteando Tlaxcala\u201d, \u201cFuturas Atletas Guerreras\u201d, \u201cD\u00eda Naranja\u201d, \u201cReto Zombi\u201d, \u201cMi Fiel Amigo y Yo, Juntos a la Meta\u201d, \u201cExperiencia Deportiva\u201d y \u201cMi h\u00e9roe no Vuela, Hace Historia\u201d, en busca de fomentar un estilo de vida saludable.<\/p>\n","protected":false},"excerpt":{"rendered":"<p>*Con la llegada de eventos de talla nacional e internacional que posicionan a Tlaxcala como epicentro deportivo, la administraci\u00f3n estatal impulsa el desarrollo integral del sector El Gobierno del Estado, a trav\u00e9s del Instituto del Deporte de Tlaxcala (IDET), reafirm\u00f3 su compromiso de intensificar el trabajo durante el 2023, ya que la entidad recibir\u00e1 el [&hellip;]<\/p>\n","protected":false},"author":4,"featured_media":83885,"comment_status":"open","ping_status":"open","sticky":false,"template":"","format":"standard","meta":{"om_disable_all_campaigns":false,"_monsterinsights_skip_tracking":false,"_monsterinsights_sitenote_active":false,"_monsterinsights_sitenote_note":"","_monsterinsights_sitenote_category":0,"jnews-multi-image_gallery":[],"jnews_single_post":{"subtitle":"","format":"standard","video":"","gallery":"","source_name":"","source_url":"","via_name":"","via_url":"","override_template":"0","override":[{"template":"1","single_blog_custom":"","parallax":"1","fullscreen":"1","layout":"right-sidebar","sidebar":"default-sidebar","second_sidebar":"default-sidebar","sticky_sidebar":"1","share_position":"top","share_float_style":"share-monocrhome","show_share_counter":"1","show_view_counter":"1","show_featured":"1","show_post_meta":"1","show_post_author":"1","show_post_author_image":"1","show_post_date":"1","post_date_format":"default","post_date_format_custom":"Y\/m\/d","show_post_category":"1","show_post_reading_time":"0","post_reading_time_wpm":"300","show_zoom_button":"0","zoom_button_out_step":"2","zoom_button_in_step":"3","show_post_tag":"1","show_prev_next_post":"1","show_popup_post":"1","number_popup_post":"1","show_author_box":"1","show_post_related":"0","show_inline_post_related":"0"}],"override_image_size":"0","image_override":[{"single_post_thumbnail_size":"crop-500","single_post_gallery_size":"crop-500"}],"trending_post":"0","trending_post_position":"meta","trending_post_label":"Trending","sponsored_post":"0","sponsored_post_label":"Sponsored by","sponsored_post_name":"","sponsored_post_url":"","sponsored_post_logo_enable":"0","sponsored_post_logo":"","sponsored_post_desc":"","disable_ad":"0"},"jnews_primary_category":{"id":""},"footnotes":""},"categories":[43,52],"tags":[150,110,96],"class_list":["post-83884","post","type-post","status-publish","format-standard","has-post-thumbnail","hentry","category-estado","category-gobierno-de-tlaxcala","tag-gobierno-del-estado","tag-municipios","tag-tlaxcala"],"aioseo_notices":[],"_links":{"self":[{"href":"https:\/\/estado29.mx\/index.php?rest_route=\/wp\/v2\/posts\/83884","targetHints":{"allow":["GET"]}}],"collection":[{"href":"https:\/\/estado29.mx\/index.php?rest_route=\/wp\/v2\/posts"}],"about":[{"href":"https:\/\/estado29.mx\/index.php?rest_route=\/wp\/v2\/types\/post"}],"author":[{"embeddable":true,"href":"https:\/\/estado29.mx\/index.php?rest_route=\/wp\/v2\/users\/4"}],"replies":[{"embeddable":true,"href":"https:\/\/estado29.mx\/index.php?rest_route=%2Fwp%2Fv2%2Fcomments&post=83884"}],"version-history":[{"count":1,"href":"https:\/\/estado29.mx\/index.php?rest_route=\/wp\/v2\/posts\/83884\/revisions"}],"predecessor-version":[{"id":83886,"href":"https:\/\/estado29.mx\/index.php?rest_route=\/wp\/v2\/posts\/83884\/revisions\/83886"}],"wp:featuredmedia":[{"embeddable":true,"href":"https:\/\/estado29.mx\/index.php?rest_route=\/wp\/v2\/media\/83885"}],"wp:attachment":[{"href":"https:\/\/estado29.mx\/index.php?rest_route=%2Fwp%2Fv2%2Fmedia&parent=83884"}],"wp:term":[{"taxonomy":"category","embeddable":true,"href":"https:\/\/estado29.mx\/index.php?rest_route=%2Fwp%2Fv2%2Fcategories&post=83884"},{"taxonomy":"post_tag","embeddable":true,"href":"https:\/\/estado29.mx\/index.php?rest_route=%2Fwp%2Fv2%2Ftags&post=83884"}],"curies":[{"name":"wp","href":"https:\/\/api.w.org\/{rel}","templated":true}]}}