{"id":84024,"date":"2023-01-10T13:41:12","date_gmt":"2023-01-10T13:41:12","guid":{"rendered":"https:\/\/estado29.mx\/?p=84024"},"modified":"2023-01-10T13:41:13","modified_gmt":"2023-01-10T13:41:13","slug":"asegura-ssc-unidad-por-exceder-la-posesion-de-material-maderable","status":"publish","type":"post","link":"https:\/\/estado29.mx\/?p=84024","title":{"rendered":"Asegura SSC unidad por exceder la posesi\u00f3n de material maderable"},"content":{"rendered":"\n<p>Al realizar acciones de patrullaje, elementos de la Secretar\u00eda de Seguridad Ciudadana (SSC) aseguraron una unidad por su presunta responsabilidad en delito contra el medio ambiente, al exceder en la posesi\u00f3n de material maderable sin documentaci\u00f3n correspondiente.<\/p>\n\n\n\n<p>Fue sobre calle Baltazar Maldonado, colonia Centro, del municipio de Apizaco cuando se tuvo contacto con una camioneta, marca Dodge, tipo Caravan, modelo 1997, color blanco, misma que era conducida por un masculino, y transportaba tablones de madera, por lo cual se le hizo una inspecci\u00f3n preventiva.<\/p>\n\n\n\n<p>Es as\u00ed que se verific\u00f3 que transportaba 102 tablas de madera con un di\u00e1metro aproximado de 2.57 metros, y al solicitarle al conductor justificar la posesi\u00f3n y transportaci\u00f3n exhibi\u00f3 una nota de remisi\u00f3n, la cual solo justific\u00f3 una parte de su carga; por lo que se procedi\u00f3 a su aseguramiento y puesta a disposici\u00f3n de la autoridad administrativa competente, es decir, la Procuradur\u00eda Federal de Protecci\u00f3n al Ambiente (PROFEPA).<\/p>\n\n\n\n<p>La SSC busca inhibir todo tipo de delitos y dar cumplimiento a la ley en la entidad.<\/p>\n","protected":false},"excerpt":{"rendered":"<p>Al realizar acciones de patrullaje, elementos de la Secretar\u00eda de Seguridad Ciudadana (SSC) aseguraron una unidad por su presunta responsabilidad en delito contra el medio ambiente, al exceder en la posesi\u00f3n de material maderable sin documentaci\u00f3n correspondiente. Fue sobre calle Baltazar Maldonado, colonia Centro, del municipio de Apizaco cuando se tuvo contacto con una camioneta, [&hellip;]<\/p>\n","protected":false},"author":4,"featured_media":84025,"comment_status":"open","ping_status":"open","sticky":false,"template":"","format":"standard","meta":{"om_disable_all_campaigns":false,"_monsterinsights_skip_tracking":false,"_monsterinsights_sitenote_active":false,"_monsterinsights_sitenote_note":"","_monsterinsights_sitenote_category":0,"jnews-multi-image_gallery":[],"jnews_single_post":{"subtitle":"","format":"standard","video":"","gallery":"","source_name":"","source_url":"","via_name":"","via_url":"","override_template":"0","override":[{"template":"1","single_blog_custom":"","parallax":"1","fullscreen":"1","layout":"right-sidebar","sidebar":"default-sidebar","second_sidebar":"default-sidebar","sticky_sidebar":"1","share_position":"top","share_float_style":"share-monocrhome","show_share_counter":"1","show_view_counter":"1","show_featured":"1","show_post_meta":"1","show_post_author":"1","show_post_author_image":"1","show_post_date":"1","post_date_format":"default","post_date_format_custom":"Y\/m\/d","show_post_category":"1","show_post_reading_time":"0","post_reading_time_wpm":"300","show_zoom_button":"0","zoom_button_out_step":"2","zoom_button_in_step":"3","show_post_tag":"1","show_prev_next_post":"1","show_popup_post":"1","number_popup_post":"1","show_author_box":"1","show_post_related":"0","show_inline_post_related":"0"}],"override_image_size":"0","image_override":[{"single_post_thumbnail_size":"crop-500","single_post_gallery_size":"crop-500"}],"trending_post":"0","trending_post_position":"meta","trending_post_label":"Trending","sponsored_post":"0","sponsored_post_label":"Sponsored by","sponsored_post_name":"","sponsored_post_url":"","sponsored_post_logo_enable":"0","sponsored_post_logo":"","sponsored_post_desc":"","disable_ad":"0"},"jnews_primary_category":{"id":""},"footnotes":""},"categories":[43,52],"tags":[150,110,96],"class_list":["post-84024","post","type-post","status-publish","format-standard","has-post-thumbnail","hentry","category-estado","category-gobierno-de-tlaxcala","tag-gobierno-del-estado","tag-municipios","tag-tlaxcala"],"aioseo_notices":[],"_links":{"self":[{"href":"https:\/\/estado29.mx\/index.php?rest_route=\/wp\/v2\/posts\/84024","targetHints":{"allow":["GET"]}}],"collection":[{"href":"https:\/\/estado29.mx\/index.php?rest_route=\/wp\/v2\/posts"}],"about":[{"href":"https:\/\/estado29.mx\/index.php?rest_route=\/wp\/v2\/types\/post"}],"author":[{"embeddable":true,"href":"https:\/\/estado29.mx\/index.php?rest_route=\/wp\/v2\/users\/4"}],"replies":[{"embeddable":true,"href":"https:\/\/estado29.mx\/index.php?rest_route=%2Fwp%2Fv2%2Fcomments&post=84024"}],"version-history":[{"count":1,"href":"https:\/\/estado29.mx\/index.php?rest_route=\/wp\/v2\/posts\/84024\/revisions"}],"predecessor-version":[{"id":84026,"href":"https:\/\/estado29.mx\/index.php?rest_route=\/wp\/v2\/posts\/84024\/revisions\/84026"}],"wp:featuredmedia":[{"embeddable":true,"href":"https:\/\/estado29.mx\/index.php?rest_route=\/wp\/v2\/media\/84025"}],"wp:attachment":[{"href":"https:\/\/estado29.mx\/index.php?rest_route=%2Fwp%2Fv2%2Fmedia&parent=84024"}],"wp:term":[{"taxonomy":"category","embeddable":true,"href":"https:\/\/estado29.mx\/index.php?rest_route=%2Fwp%2Fv2%2Fcategories&post=84024"},{"taxonomy":"post_tag","embeddable":true,"href":"https:\/\/estado29.mx\/index.php?rest_route=%2Fwp%2Fv2%2Ftags&post=84024"}],"curies":[{"name":"wp","href":"https:\/\/api.w.org\/{rel}","templated":true}]}}