{"id":84059,"date":"2023-01-12T13:16:59","date_gmt":"2023-01-12T13:16:59","guid":{"rendered":"https:\/\/estado29.mx\/?p=84059"},"modified":"2023-01-12T13:17:00","modified_gmt":"2023-01-12T13:17:00","slug":"detiene-ssc-a-dos-sujetos-por-posesion-y-portacion-de-arma-de-fuego","status":"publish","type":"post","link":"https:\/\/estado29.mx\/?p=84059","title":{"rendered":"<strong>Detiene SSC a dos sujetos por posesi\u00f3n y portaci\u00f3n de arma de fuego<\/strong>"},"content":{"rendered":"\n<p>\u2022As\u00ed como otra persona por portaci\u00f3n de un objeto \u00f3ptimo para agredir en el municipio de Apizaco<\/p>\n\n\n\n<p>Como resultado de las acciones de patrullaje y la respuesta inmediata a las denuncias ciudadanas al Servicio de emergencias 911, elementos de la Secretar\u00eda de Seguridad Ciudadana (SSC), detuvieron a dos personas por su presunta responsabilidad en el delito de posesi\u00f3n y portaci\u00f3n de armas de fuego en el municipio de Ixtacuixtla y Huamantla, respectivamente; as\u00ed como a uno m\u00e1s por portaci\u00f3n de un objeto apto para agredir en Apizaco.<\/p>\n\n\n\n<p>Al respecto, elementos de la Direcci\u00f3n de Seguridad P\u00fablica, delegaci\u00f3n Ixtacuixtla, tuvieron contacto con un masculino que viajaba a bordo de una motocicleta marca Italika, color rojo con blanco sin placas de circulaci\u00f3n sobre la carretera Tlaxcala-San Martin, comunidad Villalta, por lo cual se le realiz\u00f3 una inspecci\u00f3n de rutina y se detect\u00f3 que la persona identificada como Omar Fortino N., de 44 a\u00f1os, no cuenta con la documentaci\u00f3n que acredite a la posesi\u00f3n de la unidad que maneja.<\/p>\n\n\n\n<p>Adem\u00e1s, se le encontr\u00f3 entre sus pertenencias arma de fuego tipo escuadra, cromada, calibre 25, marca Belgium, de la cual tampoco cont\u00f3 con la documentaci\u00f3n para su posesi\u00f3n y portaci\u00f3n; por lo que fue asegurado y puesto a disposici\u00f3n, por su presunta responsabilidad en el delito de Violaci\u00f3n a la Ley Federal de Armas de Fuego y Explosivos en materia de posesi\u00f3n de un arma de fuego.<\/p>\n\n\n\n<p>Mientras que el personal de la Direcci\u00f3n de Polic\u00eda Estatal de Caminos y Vialidad, regi\u00f3n Oriente, en atenci\u00f3n a un llamado del Servicio de Emergencia 911, arrib\u00f3 a la calle 16 de septiembre, colonia Centro con direcci\u00f3n al parque del municipio cuando observaron a un masculino con las caracter\u00edsticas reportadas, por lo que se procedi\u00f3 a darle alcance para realizar una inspecci\u00f3n preventiva y se confirm\u00f3 entre sus pertenencias se encontr\u00f3 un objeto con mecanismos y funci\u00f3n de arma de fuego; as\u00ed como un objeto \u00f3ptimo para agredir, siendo una r\u00e9plica de arma de fuego.<\/p>\n\n\n\n<p>Por lo anterior, la persona identificada como Jos\u00e9 N., de 19 a\u00f1os de edad fue asegurado y puesto a disposici\u00f3n de la representaci\u00f3n social competente para continuar con los procesos legales correspondientes, ya que no contaba con la documentaci\u00f3n que acredite la legal procedencia y posesi\u00f3n de los objetos mencionados.<\/p>\n\n\n\n<p>Finalmente, elementos de la Direcci\u00f3n de Seguridad P\u00fablica, delegaci\u00f3n Apizaco, detuvo a C\u00e9sar Alberto N., de 39 a\u00f1os por sobre el bulevar Emilio S\u00e1nchez Piedras, Esquina Calle G\u00f3mez Far\u00edas, Colonia Ferrocarrilera, a la altura de un local comercial vinos y licores con raz\u00f3n social \u201cEl Cabus\u201d, y al notar la presencia polic\u00eda asumi\u00f3 una actitud agresiva e intent\u00f3 lesionar con un objeto apto para agredir, siendo un arma punzocortante de un solo filo. Fue asegurado y puesto a disposici\u00f3n de la autoridad competente.<\/p>\n\n\n\n<p>La SSC reitera su compromiso para atender las denuncias ciudadanas y combatir toda acci\u00f3n que infrinja\u00a0la\u00a0ley.<\/p>\n","protected":false},"excerpt":{"rendered":"<p>\u2022As\u00ed como otra persona por portaci\u00f3n de un objeto \u00f3ptimo para agredir en el municipio de Apizaco Como resultado de las acciones de patrullaje y la respuesta inmediata a las denuncias ciudadanas al Servicio de emergencias 911, elementos de la Secretar\u00eda de Seguridad Ciudadana (SSC), detuvieron a dos personas por su presunta responsabilidad en el [&hellip;]<\/p>\n","protected":false},"author":4,"featured_media":84060,"comment_status":"open","ping_status":"open","sticky":false,"template":"","format":"standard","meta":{"om_disable_all_campaigns":false,"_monsterinsights_skip_tracking":false,"_monsterinsights_sitenote_active":false,"_monsterinsights_sitenote_note":"","_monsterinsights_sitenote_category":0,"jnews-multi-image_gallery":[],"jnews_single_post":{"subtitle":"","format":"standard","video":"","gallery":"","source_name":"","source_url":"","via_name":"","via_url":"","override_template":"0","override":[{"template":"1","single_blog_custom":"","parallax":"1","fullscreen":"1","layout":"right-sidebar","sidebar":"default-sidebar","second_sidebar":"default-sidebar","sticky_sidebar":"1","share_position":"top","share_float_style":"share-monocrhome","show_share_counter":"1","show_view_counter":"1","show_featured":"1","show_post_meta":"1","show_post_author":"1","show_post_author_image":"1","show_post_date":"1","post_date_format":"default","post_date_format_custom":"Y\/m\/d","show_post_category":"1","show_post_reading_time":"0","post_reading_time_wpm":"300","show_zoom_button":"0","zoom_button_out_step":"2","zoom_button_in_step":"3","show_post_tag":"1","show_prev_next_post":"1","show_popup_post":"1","number_popup_post":"1","show_author_box":"1","show_post_related":"0","show_inline_post_related":"0"}],"override_image_size":"0","image_override":[{"single_post_thumbnail_size":"crop-500","single_post_gallery_size":"crop-500"}],"trending_post":"0","trending_post_position":"meta","trending_post_label":"Trending","sponsored_post":"0","sponsored_post_label":"Sponsored by","sponsored_post_name":"","sponsored_post_url":"","sponsored_post_logo_enable":"0","sponsored_post_logo":"","sponsored_post_desc":"","disable_ad":"0"},"jnews_primary_category":{"id":""},"footnotes":""},"categories":[43,52],"tags":[150,110,96],"class_list":["post-84059","post","type-post","status-publish","format-standard","has-post-thumbnail","hentry","category-estado","category-gobierno-de-tlaxcala","tag-gobierno-del-estado","tag-municipios","tag-tlaxcala"],"aioseo_notices":[],"_links":{"self":[{"href":"https:\/\/estado29.mx\/index.php?rest_route=\/wp\/v2\/posts\/84059","targetHints":{"allow":["GET"]}}],"collection":[{"href":"https:\/\/estado29.mx\/index.php?rest_route=\/wp\/v2\/posts"}],"about":[{"href":"https:\/\/estado29.mx\/index.php?rest_route=\/wp\/v2\/types\/post"}],"author":[{"embeddable":true,"href":"https:\/\/estado29.mx\/index.php?rest_route=\/wp\/v2\/users\/4"}],"replies":[{"embeddable":true,"href":"https:\/\/estado29.mx\/index.php?rest_route=%2Fwp%2Fv2%2Fcomments&post=84059"}],"version-history":[{"count":1,"href":"https:\/\/estado29.mx\/index.php?rest_route=\/wp\/v2\/posts\/84059\/revisions"}],"predecessor-version":[{"id":84061,"href":"https:\/\/estado29.mx\/index.php?rest_route=\/wp\/v2\/posts\/84059\/revisions\/84061"}],"wp:featuredmedia":[{"embeddable":true,"href":"https:\/\/estado29.mx\/index.php?rest_route=\/wp\/v2\/media\/84060"}],"wp:attachment":[{"href":"https:\/\/estado29.mx\/index.php?rest_route=%2Fwp%2Fv2%2Fmedia&parent=84059"}],"wp:term":[{"taxonomy":"category","embeddable":true,"href":"https:\/\/estado29.mx\/index.php?rest_route=%2Fwp%2Fv2%2Fcategories&post=84059"},{"taxonomy":"post_tag","embeddable":true,"href":"https:\/\/estado29.mx\/index.php?rest_route=%2Fwp%2Fv2%2Ftags&post=84059"}],"curies":[{"name":"wp","href":"https:\/\/api.w.org\/{rel}","templated":true}]}}