{"id":84080,"date":"2023-01-12T13:48:11","date_gmt":"2023-01-12T13:48:11","guid":{"rendered":"https:\/\/estado29.mx\/?p=84080"},"modified":"2023-01-12T13:48:12","modified_gmt":"2023-01-12T13:48:12","slug":"inicia-campana-kilometros-que-abrigan-recorrera-comunidades-vulnerables-en-tlaxcala","status":"publish","type":"post","link":"https:\/\/estado29.mx\/?p=84080","title":{"rendered":"Inicia campa\u00f1a \u201ckil\u00f3metros que abrigan\u201d; recorrer\u00e1 comunidades vulnerables en Tlaxcala"},"content":{"rendered":"\n<p>*M\u00e1s de 4 mil tlaxcaltecas ser\u00e1n beneficiados con prendas abrigadoras<\/p>\n\n\n\n<p>El gobierno del estado, a trav\u00e9s del Instituto Tlaxcalteca de la Juventud (ITJ), dio el banderazo de salida a la campa\u00f1a \u201cKil\u00f3metros que abrigan\u201d, que recorrer\u00e1 la entidad con el objetivo de apoyar con ropa abrigadora a personas en situaci\u00f3n de vulnerabilidad que les permita vivir la temporada invernal de manera digna.<\/p>\n\n\n\n<p>En su intervenci\u00f3n, Lucero Morales Tzompa, directora del ITJ, mencion\u00f3 que esta campa\u00f1a logr\u00f3 la solidaridad y empat\u00eda de los tlaxcaltecas; en esta nueva historia el pueblo de Tlaxcala se une para ayudar a la poblaci\u00f3n m\u00e1s vulnerable ante la temporada invernal.<\/p>\n\n\n\n<p>\u201cCon esta campa\u00f1a buscamos hacer que la juventud se involucre, que los j\u00f3venes nos demos cuenta y ejerzamos nuestro poder, que podemos unirnos para hacer labor social y esta campa\u00f1a refleja grandes resultados y el gran potencial cuando nos organizamos para un bien en com\u00fan. Al inicio de la campa\u00f1a la meta propuesta era recaudar 2 mil prendas, sin embargo, superamos la meta con 4 mil 192 piezas\u201d, indic\u00f3.<\/p>\n\n\n\n<p>Expuso que el 15 por ciento de la ropa a nivel nacional es donada o reutilizada, lo que significa que una cada 10 personas donan o reutilizan su ropa, las otras nueve la desechan a la basura.<\/p>\n\n\n\n<p>En su intervenci\u00f3n, la secretaria de Bienestar, Mar\u00eda Estela \u00c1lvarez Corona mencion\u00f3 que con estas acciones en temporada de fr\u00edo las familias en situaci\u00f3n de vulnerabilidad se sientan m\u00e1s apoyadas.<\/p>\n\n\n\n<p>\u201cQue esta acci\u00f3n, de llegar a su hogar y poder darles una prenda, sirva para beneficio y desarrollo social del estado de Tlaxcala, como lo dice nuestra gobernadora Lorena Cu\u00e9llar Cisneros, debemos trabajar muy fuerte todos los d\u00edas por las personas y las familias m\u00e1s vulnerables en el estado\u201d.<\/p>\n\n\n\n<p>Al evento asisti\u00f3 la directora del Sistema Estatal para el Desarrollo Integral de la Familia (Sedif), Flor de Mar\u00eda L\u00f3pez Hinojosa, representantes del sector privado, servidores p\u00fablicos de las diferentes dependencias locales y poblaci\u00f3n en general.<\/p>\n","protected":false},"excerpt":{"rendered":"<p>*M\u00e1s de 4 mil tlaxcaltecas ser\u00e1n beneficiados con prendas abrigadoras El gobierno del estado, a trav\u00e9s del Instituto Tlaxcalteca de la Juventud (ITJ), dio el banderazo de salida a la campa\u00f1a \u201cKil\u00f3metros que abrigan\u201d, que recorrer\u00e1 la entidad con el objetivo de apoyar con ropa abrigadora a personas en situaci\u00f3n de vulnerabilidad que les permita [&hellip;]<\/p>\n","protected":false},"author":4,"featured_media":84081,"comment_status":"open","ping_status":"open","sticky":false,"template":"","format":"standard","meta":{"om_disable_all_campaigns":false,"_monsterinsights_skip_tracking":false,"_monsterinsights_sitenote_active":false,"_monsterinsights_sitenote_note":"","_monsterinsights_sitenote_category":0,"jnews-multi-image_gallery":[],"jnews_single_post":{"subtitle":"","format":"standard","video":"","gallery":"","source_name":"","source_url":"","via_name":"","via_url":"","override_template":"0","override":[{"template":"1","single_blog_custom":"","parallax":"1","fullscreen":"1","layout":"right-sidebar","sidebar":"default-sidebar","second_sidebar":"default-sidebar","sticky_sidebar":"1","share_position":"top","share_float_style":"share-monocrhome","show_share_counter":"1","show_view_counter":"1","show_featured":"1","show_post_meta":"1","show_post_author":"1","show_post_author_image":"1","show_post_date":"1","post_date_format":"default","post_date_format_custom":"Y\/m\/d","show_post_category":"1","show_post_reading_time":"0","post_reading_time_wpm":"300","show_zoom_button":"0","zoom_button_out_step":"2","zoom_button_in_step":"3","show_post_tag":"1","show_prev_next_post":"1","show_popup_post":"1","number_popup_post":"1","show_author_box":"1","show_post_related":"0","show_inline_post_related":"0"}],"override_image_size":"0","image_override":[{"single_post_thumbnail_size":"crop-500","single_post_gallery_size":"crop-500"}],"trending_post":"0","trending_post_position":"meta","trending_post_label":"Trending","sponsored_post":"0","sponsored_post_label":"Sponsored by","sponsored_post_name":"","sponsored_post_url":"","sponsored_post_logo_enable":"0","sponsored_post_logo":"","sponsored_post_desc":"","disable_ad":"0"},"jnews_primary_category":{"id":""},"footnotes":""},"categories":[43,52],"tags":[150,110,96],"class_list":["post-84080","post","type-post","status-publish","format-standard","has-post-thumbnail","hentry","category-estado","category-gobierno-de-tlaxcala","tag-gobierno-del-estado","tag-municipios","tag-tlaxcala"],"aioseo_notices":[],"_links":{"self":[{"href":"https:\/\/estado29.mx\/index.php?rest_route=\/wp\/v2\/posts\/84080","targetHints":{"allow":["GET"]}}],"collection":[{"href":"https:\/\/estado29.mx\/index.php?rest_route=\/wp\/v2\/posts"}],"about":[{"href":"https:\/\/estado29.mx\/index.php?rest_route=\/wp\/v2\/types\/post"}],"author":[{"embeddable":true,"href":"https:\/\/estado29.mx\/index.php?rest_route=\/wp\/v2\/users\/4"}],"replies":[{"embeddable":true,"href":"https:\/\/estado29.mx\/index.php?rest_route=%2Fwp%2Fv2%2Fcomments&post=84080"}],"version-history":[{"count":1,"href":"https:\/\/estado29.mx\/index.php?rest_route=\/wp\/v2\/posts\/84080\/revisions"}],"predecessor-version":[{"id":84082,"href":"https:\/\/estado29.mx\/index.php?rest_route=\/wp\/v2\/posts\/84080\/revisions\/84082"}],"wp:featuredmedia":[{"embeddable":true,"href":"https:\/\/estado29.mx\/index.php?rest_route=\/wp\/v2\/media\/84081"}],"wp:attachment":[{"href":"https:\/\/estado29.mx\/index.php?rest_route=%2Fwp%2Fv2%2Fmedia&parent=84080"}],"wp:term":[{"taxonomy":"category","embeddable":true,"href":"https:\/\/estado29.mx\/index.php?rest_route=%2Fwp%2Fv2%2Fcategories&post=84080"},{"taxonomy":"post_tag","embeddable":true,"href":"https:\/\/estado29.mx\/index.php?rest_route=%2Fwp%2Fv2%2Ftags&post=84080"}],"curies":[{"name":"wp","href":"https:\/\/api.w.org\/{rel}","templated":true}]}}