{"id":84095,"date":"2023-01-13T13:30:54","date_gmt":"2023-01-13T13:30:54","guid":{"rendered":"https:\/\/estado29.mx\/?p=84095"},"modified":"2023-01-13T13:30:55","modified_gmt":"2023-01-13T13:30:55","slug":"nace-un-orix-cimitarra-en-el-zoologico-del-altiplano-de-tlaxcala","status":"publish","type":"post","link":"https:\/\/estado29.mx\/?p=84095","title":{"rendered":"Nace un orix cimitarra en el zool\u00f3gico del altiplano de Tlaxcala"},"content":{"rendered":"\n<p>*La especie se encuentra extinta en su h\u00e1bitat natural<\/p>\n\n\n\n<p>El Zool\u00f3gico del Altiplano de Tlaxcala registr\u00f3 el pasado 9 de enero el nacimiento de un ejemplar de Orix Cimitarra (Oryx dammah), esto como resultado de una buena adaptaci\u00f3n al h\u00e1bitat y al buen trabajo del personal m\u00e9dico veterinario que est\u00e1 a cargo de la conservaci\u00f3n de las especies de este lugar.<\/p>\n\n\n\n<p>El equipo de conservaci\u00f3n inform\u00f3 que la madre ya lo amamant\u00f3 desde las primeras horas y se espera que evolucione satisfactoriamente; de igual forma, el sexo de la cr\u00eda se dar\u00e1 a conocer en cuanto sea posible acercarse a ella, pues el manejo de esta especie se realiza con extrema minuciosidad y cuidado.<\/p>\n\n\n\n<p>Como dato, esta especie se encuentra extinta de la vida silvestre en el norte de \u00c1frica desde el a\u00f1o 2007, de manera que para el Zool\u00f3gico del Altiplano juega un importante papel en el futuro, ya que todo nacimiento le da mayor certidumbre a la especie.<\/p>\n\n\n\n<p>Todos los nacimientos son importantes, pero al tratarse de una especie que ya est\u00e1 extinta de la vida silvestre, la importancia es mayor porque la posibilidad de reintroducirlo en su h\u00e1bitat se vuelve m\u00e1s esperanzadora.<\/p>\n","protected":false},"excerpt":{"rendered":"<p>*La especie se encuentra extinta en su h\u00e1bitat natural El Zool\u00f3gico del Altiplano de Tlaxcala registr\u00f3 el pasado 9 de enero el nacimiento de un ejemplar de Orix Cimitarra (Oryx dammah), esto como resultado de una buena adaptaci\u00f3n al h\u00e1bitat y al buen trabajo del personal m\u00e9dico veterinario que est\u00e1 a cargo de la conservaci\u00f3n [&hellip;]<\/p>\n","protected":false},"author":4,"featured_media":84096,"comment_status":"open","ping_status":"open","sticky":false,"template":"","format":"standard","meta":{"om_disable_all_campaigns":false,"_monsterinsights_skip_tracking":false,"_monsterinsights_sitenote_active":false,"_monsterinsights_sitenote_note":"","_monsterinsights_sitenote_category":0,"jnews-multi-image_gallery":[],"jnews_single_post":{"subtitle":"","format":"standard","video":"","gallery":"","source_name":"","source_url":"","via_name":"","via_url":"","override_template":"0","override":[{"template":"1","single_blog_custom":"","parallax":"1","fullscreen":"1","layout":"right-sidebar","sidebar":"default-sidebar","second_sidebar":"default-sidebar","sticky_sidebar":"1","share_position":"top","share_float_style":"share-monocrhome","show_share_counter":"1","show_view_counter":"1","show_featured":"1","show_post_meta":"1","show_post_author":"1","show_post_author_image":"1","show_post_date":"1","post_date_format":"default","post_date_format_custom":"Y\/m\/d","show_post_category":"1","show_post_reading_time":"0","post_reading_time_wpm":"300","show_zoom_button":"0","zoom_button_out_step":"2","zoom_button_in_step":"3","show_post_tag":"1","show_prev_next_post":"1","show_popup_post":"1","number_popup_post":"1","show_author_box":"1","show_post_related":"0","show_inline_post_related":"0"}],"override_image_size":"0","image_override":[{"single_post_thumbnail_size":"crop-500","single_post_gallery_size":"crop-500"}],"trending_post":"0","trending_post_position":"meta","trending_post_label":"Trending","sponsored_post":"0","sponsored_post_label":"Sponsored by","sponsored_post_name":"","sponsored_post_url":"","sponsored_post_logo_enable":"0","sponsored_post_logo":"","sponsored_post_desc":"","disable_ad":"0"},"jnews_primary_category":{"id":""},"footnotes":""},"categories":[43,52],"tags":[150,110,96],"class_list":["post-84095","post","type-post","status-publish","format-standard","has-post-thumbnail","hentry","category-estado","category-gobierno-de-tlaxcala","tag-gobierno-del-estado","tag-municipios","tag-tlaxcala"],"aioseo_notices":[],"_links":{"self":[{"href":"https:\/\/estado29.mx\/index.php?rest_route=\/wp\/v2\/posts\/84095","targetHints":{"allow":["GET"]}}],"collection":[{"href":"https:\/\/estado29.mx\/index.php?rest_route=\/wp\/v2\/posts"}],"about":[{"href":"https:\/\/estado29.mx\/index.php?rest_route=\/wp\/v2\/types\/post"}],"author":[{"embeddable":true,"href":"https:\/\/estado29.mx\/index.php?rest_route=\/wp\/v2\/users\/4"}],"replies":[{"embeddable":true,"href":"https:\/\/estado29.mx\/index.php?rest_route=%2Fwp%2Fv2%2Fcomments&post=84095"}],"version-history":[{"count":1,"href":"https:\/\/estado29.mx\/index.php?rest_route=\/wp\/v2\/posts\/84095\/revisions"}],"predecessor-version":[{"id":84097,"href":"https:\/\/estado29.mx\/index.php?rest_route=\/wp\/v2\/posts\/84095\/revisions\/84097"}],"wp:featuredmedia":[{"embeddable":true,"href":"https:\/\/estado29.mx\/index.php?rest_route=\/wp\/v2\/media\/84096"}],"wp:attachment":[{"href":"https:\/\/estado29.mx\/index.php?rest_route=%2Fwp%2Fv2%2Fmedia&parent=84095"}],"wp:term":[{"taxonomy":"category","embeddable":true,"href":"https:\/\/estado29.mx\/index.php?rest_route=%2Fwp%2Fv2%2Fcategories&post=84095"},{"taxonomy":"post_tag","embeddable":true,"href":"https:\/\/estado29.mx\/index.php?rest_route=%2Fwp%2Fv2%2Ftags&post=84095"}],"curies":[{"name":"wp","href":"https:\/\/api.w.org\/{rel}","templated":true}]}}