{"id":84098,"date":"2023-01-13T13:38:30","date_gmt":"2023-01-13T13:38:30","guid":{"rendered":"https:\/\/estado29.mx\/?p=84098"},"modified":"2023-01-13T13:38:31","modified_gmt":"2023-01-13T13:38:31","slug":"inicia-verificacion-vehicular-obligatoria-2023-en-tlaxcala","status":"publish","type":"post","link":"https:\/\/estado29.mx\/?p=84098","title":{"rendered":"Inicia verificaci\u00f3n veh\u00edcular obligatoria 2023 en Tlaxcala"},"content":{"rendered":"\n<p>*Los verificentros autorizados brindan el servicio habitual a propietarios y poseedores de veh\u00edculos automotores<\/p>\n\n\n\n<p>La Secretar\u00eda de Medio Ambiente (SMA) del estado, a trav\u00e9s de la Direcci\u00f3n de Gesti\u00f3n Ambiental, inform\u00f3 que el servicio de verificaci\u00f3n vehicular en los verificentros autorizados reanudaron sus actividades, en un horario de atenci\u00f3n de 8:00 a 18:00 horas, de lunes a s\u00e1bado.<\/p>\n\n\n\n<figure class=\"wp-block-image size-large\"><img loading=\"lazy\" decoding=\"async\" width=\"1024\" height=\"791\" src=\"https:\/\/estado29.mx\/wp-content\/uploads\/2023\/01\/e4b0d3bf-50a7-46b3-9209-6b647635fb75-1024x791.jpg\" alt=\"\" class=\"wp-image-84100\" srcset=\"https:\/\/estado29.mx\/wp-content\/uploads\/2023\/01\/e4b0d3bf-50a7-46b3-9209-6b647635fb75-1024x791.jpg 1024w, https:\/\/estado29.mx\/wp-content\/uploads\/2023\/01\/e4b0d3bf-50a7-46b3-9209-6b647635fb75-300x232.jpg 300w, https:\/\/estado29.mx\/wp-content\/uploads\/2023\/01\/e4b0d3bf-50a7-46b3-9209-6b647635fb75-768x593.jpg 768w, https:\/\/estado29.mx\/wp-content\/uploads\/2023\/01\/e4b0d3bf-50a7-46b3-9209-6b647635fb75-750x579.jpg 750w, https:\/\/estado29.mx\/wp-content\/uploads\/2023\/01\/e4b0d3bf-50a7-46b3-9209-6b647635fb75-1140x881.jpg 1140w, https:\/\/estado29.mx\/wp-content\/uploads\/2023\/01\/e4b0d3bf-50a7-46b3-9209-6b647635fb75.jpg 1280w\" sizes=\"auto, (max-width: 1024px) 100vw, 1024px\" \/><\/figure>\n\n\n\n<p>De acuerdo con el calendario de verificaci\u00f3n del primer bimestre, corresponde a los veh\u00edculos con terminaci\u00f3n de placas 5 y 6, engomado color amarillo, verificar los meses de enero y febrero; para el caso de las placas 7 y 8, engomado color rosa, en febrero y marzo.<\/p>\n\n\n\n<p>La dependencia se\u00f1al\u00f3 que las placas 3 y 4, engomado rojo, les tocar\u00e1 la verificaci\u00f3n en los meses de marzo y abril; en el caso de las placas 1 y 2, engomado verde, ser\u00e1 en abril y mayo, y finalmente las placas 9 y 0, con engomado color azul, les corresponden los meses de mayo y junio.<\/p>\n\n\n\n<p>En cuanto a los costos del servicio, los hologramas 1 y 2 combustible gas y gasolina tendr\u00e1n un costo de 269.00 pesos, mientras que los de combustible di\u00e9sel ser\u00e1 de 462.00 pesos.<\/p>\n\n\n\n<p>Para el caso del holograma 0, combustible gasolina, gas y di\u00e9sel, ser\u00e1 de 510.00 pesos y finalmente el holograma 00 de gasolina y gas, un monto de 991.00 pesos.<\/p>\n\n\n\n<p>Al ser el estado de Tlaxcala integrante de la Comisi\u00f3n Ambiental de la Megal\u00f3polis (CAMe), la verificaci\u00f3n vehicular est\u00e1 garantizada por medio de acciones de coordinaci\u00f3n y disposici\u00f3n de informaci\u00f3n derivada de la aplicaci\u00f3n de este programa, tales como bases de datos y documentos oficiales.<\/p>\n\n\n\n<p>Para la SMA es de suma importancia el cuidado del medio ambiente, la calidad del aire, la salud y sobre todo cuidar la econom\u00eda de las familias tlaxcaltecas. Es as\u00ed como el gobierno del estado garantiza la pol\u00edtica ambiental, a trav\u00e9s del cumplimiento de los l\u00edmites m\u00e1ximos de emisiones de contaminantes provenientes de los veh\u00edculos automotores.<\/p>\n","protected":false},"excerpt":{"rendered":"<p>*Los verificentros autorizados brindan el servicio habitual a propietarios y poseedores de veh\u00edculos automotores La Secretar\u00eda de Medio Ambiente (SMA) del estado, a trav\u00e9s de la Direcci\u00f3n de Gesti\u00f3n Ambiental, inform\u00f3 que el servicio de verificaci\u00f3n vehicular en los verificentros autorizados reanudaron sus actividades, en un horario de atenci\u00f3n de 8:00 a 18:00 horas, de [&hellip;]<\/p>\n","protected":false},"author":4,"featured_media":84099,"comment_status":"open","ping_status":"open","sticky":false,"template":"","format":"standard","meta":{"om_disable_all_campaigns":false,"_monsterinsights_skip_tracking":false,"_monsterinsights_sitenote_active":false,"_monsterinsights_sitenote_note":"","_monsterinsights_sitenote_category":0,"jnews-multi-image_gallery":[],"jnews_single_post":{"subtitle":"","format":"standard","video":"","gallery":"","source_name":"","source_url":"","via_name":"","via_url":"","override_template":"0","override":[{"template":"1","single_blog_custom":"","parallax":"1","fullscreen":"1","layout":"right-sidebar","sidebar":"default-sidebar","second_sidebar":"default-sidebar","sticky_sidebar":"1","share_position":"top","share_float_style":"share-monocrhome","show_share_counter":"1","show_view_counter":"1","show_featured":"1","show_post_meta":"1","show_post_author":"1","show_post_author_image":"1","show_post_date":"1","post_date_format":"default","post_date_format_custom":"Y\/m\/d","show_post_category":"1","show_post_reading_time":"0","post_reading_time_wpm":"300","show_zoom_button":"0","zoom_button_out_step":"2","zoom_button_in_step":"3","show_post_tag":"1","show_prev_next_post":"1","show_popup_post":"1","number_popup_post":"1","show_author_box":"1","show_post_related":"0","show_inline_post_related":"0"}],"override_image_size":"0","image_override":[{"single_post_thumbnail_size":"crop-500","single_post_gallery_size":"crop-500"}],"trending_post":"0","trending_post_position":"meta","trending_post_label":"Trending","sponsored_post":"0","sponsored_post_label":"Sponsored by","sponsored_post_name":"","sponsored_post_url":"","sponsored_post_logo_enable":"0","sponsored_post_logo":"","sponsored_post_desc":"","disable_ad":"0"},"jnews_primary_category":{"id":""},"footnotes":""},"categories":[43,52],"tags":[150,96],"class_list":["post-84098","post","type-post","status-publish","format-standard","has-post-thumbnail","hentry","category-estado","category-gobierno-de-tlaxcala","tag-gobierno-del-estado","tag-tlaxcala"],"aioseo_notices":[],"_links":{"self":[{"href":"https:\/\/estado29.mx\/index.php?rest_route=\/wp\/v2\/posts\/84098","targetHints":{"allow":["GET"]}}],"collection":[{"href":"https:\/\/estado29.mx\/index.php?rest_route=\/wp\/v2\/posts"}],"about":[{"href":"https:\/\/estado29.mx\/index.php?rest_route=\/wp\/v2\/types\/post"}],"author":[{"embeddable":true,"href":"https:\/\/estado29.mx\/index.php?rest_route=\/wp\/v2\/users\/4"}],"replies":[{"embeddable":true,"href":"https:\/\/estado29.mx\/index.php?rest_route=%2Fwp%2Fv2%2Fcomments&post=84098"}],"version-history":[{"count":1,"href":"https:\/\/estado29.mx\/index.php?rest_route=\/wp\/v2\/posts\/84098\/revisions"}],"predecessor-version":[{"id":84101,"href":"https:\/\/estado29.mx\/index.php?rest_route=\/wp\/v2\/posts\/84098\/revisions\/84101"}],"wp:featuredmedia":[{"embeddable":true,"href":"https:\/\/estado29.mx\/index.php?rest_route=\/wp\/v2\/media\/84099"}],"wp:attachment":[{"href":"https:\/\/estado29.mx\/index.php?rest_route=%2Fwp%2Fv2%2Fmedia&parent=84098"}],"wp:term":[{"taxonomy":"category","embeddable":true,"href":"https:\/\/estado29.mx\/index.php?rest_route=%2Fwp%2Fv2%2Fcategories&post=84098"},{"taxonomy":"post_tag","embeddable":true,"href":"https:\/\/estado29.mx\/index.php?rest_route=%2Fwp%2Fv2%2Ftags&post=84098"}],"curies":[{"name":"wp","href":"https:\/\/api.w.org\/{rel}","templated":true}]}}