{"id":84102,"date":"2023-01-13T13:40:45","date_gmt":"2023-01-13T13:40:45","guid":{"rendered":"https:\/\/estado29.mx\/?p=84102"},"modified":"2023-01-13T13:40:46","modified_gmt":"2023-01-13T13:40:46","slug":"asistio-titular-de-la-sepe-uset-a-instalacion-del-grupo-de-trabajo-de-estructuras-ocupacionales","status":"publish","type":"post","link":"https:\/\/estado29.mx\/?p=84102","title":{"rendered":"Asisti\u00f3 titular de la SEPE-USET a instalaci\u00f3n del grupo de trabajo de estructuras ocupacionales"},"content":{"rendered":"\n<p>*Autoridades ratificaron el compromiso de colocar a estudiantes en el centro del sistema del pa\u00eds y lograr la transformaci\u00f3n social<\/p>\n\n\n\n<p>El titular de la Secretar\u00eda de Educaci\u00f3n P\u00fablica del Estado (SEPE) y director general de la Unidad de Servicios Educativos del Estado de Tlaxcala (USET), Homero Meneses Hern\u00e1ndez asisti\u00f3 a la Instalaci\u00f3n del Grupo de Trabajo para la Autorizaci\u00f3n y Revisi\u00f3n de las Estructuras Ocupacionales de las Escuelas, en las que el Estado y sus organismos descentralizados imparten la educaci\u00f3n b\u00e1sica y media superior.<\/p>\n\n\n\n<p>Durante el evento celebrado en Ciudad de M\u00e9xico, autoridades de la Secretar\u00eda de Educaci\u00f3n P\u00fablica (SEP) del Gobierno de M\u00e9xico y de diferentes entidades federativas, se pronunciaron por realizar un trabajo colaborativo del sistema educativo nacional, con el prop\u00f3sito fundamental de garantizar el derecho a la educaci\u00f3n de las ni\u00f1as, ni\u00f1os, adolescentes y j\u00f3venes del pa\u00eds.<\/p>\n\n\n\n<p>Ah\u00ed, la jefa de la Oficina de la SEP, Gisela Salinas S\u00e1nchez y la titular de la Unidad del Sistema para la Carrera de las Maestras y los Maestros (Usicamm), Adela Pi\u00f1a Bernal, felicitaron a Meneses Hern\u00e1ndez por su participaci\u00f3n en este acto, como muestra del inter\u00e9s que tiene por avanzar en los temas de educaci\u00f3n encaminados a mejorar el proceso ense\u00f1anza\u2013aprendizaje.<\/p>\n\n\n\n<p>En el marco de la Nueva Escuela Mexicana, se pronunciaron por la construcci\u00f3n del modelo de estructuras ocupacionales, donde prevalezca el trabajo en equipo para fortalecer las acciones que se llevan a cabo en instituciones de los niveles de preescolar, primaria, secundaria, bachillerato y universidad.<\/p>\n\n\n\n<p>Las estrategias se implementar\u00e1n con pleno respeto a los derechos de las y los trabajadores, con la finalidad de construir actividades colaborativas en un marco de respeto, abonando as\u00ed a la continuidad del proyecto educativo del gobierno federal, al ser un eje fundamental para el desarrollo del pa\u00eds y la transformaci\u00f3n social.<\/p>\n\n\n\n<p>Acompa\u00f1aron al secretario, el director de Planeaci\u00f3n Educativa, Omar Cuatianquiz \u00c1vila; el jefe de Departamento de la Unidad Estatal del Sistema para la Carrera de las Maestras y Maestros (Uesicamm), Alejandro Ram\u00edrez Sol\u00eds y el director de Relaciones Laborales, Rafael Ba\u00f1uelos Flores.<\/p>\n","protected":false},"excerpt":{"rendered":"<p>*Autoridades ratificaron el compromiso de colocar a estudiantes en el centro del sistema del pa\u00eds y lograr la transformaci\u00f3n social El titular de la Secretar\u00eda de Educaci\u00f3n P\u00fablica del Estado (SEPE) y director general de la Unidad de Servicios Educativos del Estado de Tlaxcala (USET), Homero Meneses Hern\u00e1ndez asisti\u00f3 a la Instalaci\u00f3n del Grupo de [&hellip;]<\/p>\n","protected":false},"author":4,"featured_media":84103,"comment_status":"open","ping_status":"open","sticky":false,"template":"","format":"standard","meta":{"om_disable_all_campaigns":false,"_monsterinsights_skip_tracking":false,"_monsterinsights_sitenote_active":false,"_monsterinsights_sitenote_note":"","_monsterinsights_sitenote_category":0,"jnews-multi-image_gallery":[],"jnews_single_post":{"subtitle":"","format":"standard","video":"","gallery":"","source_name":"","source_url":"","via_name":"","via_url":"","override_template":"0","override":[{"template":"1","single_blog_custom":"","parallax":"1","fullscreen":"1","layout":"right-sidebar","sidebar":"default-sidebar","second_sidebar":"default-sidebar","sticky_sidebar":"1","share_position":"top","share_float_style":"share-monocrhome","show_share_counter":"1","show_view_counter":"1","show_featured":"1","show_post_meta":"1","show_post_author":"1","show_post_author_image":"1","show_post_date":"1","post_date_format":"default","post_date_format_custom":"Y\/m\/d","show_post_category":"1","show_post_reading_time":"0","post_reading_time_wpm":"300","show_zoom_button":"0","zoom_button_out_step":"2","zoom_button_in_step":"3","show_post_tag":"1","show_prev_next_post":"1","show_popup_post":"1","number_popup_post":"1","show_author_box":"1","show_post_related":"0","show_inline_post_related":"0"}],"override_image_size":"0","image_override":[{"single_post_thumbnail_size":"crop-500","single_post_gallery_size":"crop-500"}],"trending_post":"0","trending_post_position":"meta","trending_post_label":"Trending","sponsored_post":"0","sponsored_post_label":"Sponsored by","sponsored_post_name":"","sponsored_post_url":"","sponsored_post_logo_enable":"0","sponsored_post_logo":"","sponsored_post_desc":"","disable_ad":"0"},"jnews_primary_category":{"id":""},"footnotes":""},"categories":[43,52],"tags":[150,110,284,96],"class_list":["post-84102","post","type-post","status-publish","format-standard","has-post-thumbnail","hentry","category-estado","category-gobierno-de-tlaxcala","tag-gobierno-del-estado","tag-municipios","tag-sepe","tag-tlaxcala"],"aioseo_notices":[],"_links":{"self":[{"href":"https:\/\/estado29.mx\/index.php?rest_route=\/wp\/v2\/posts\/84102","targetHints":{"allow":["GET"]}}],"collection":[{"href":"https:\/\/estado29.mx\/index.php?rest_route=\/wp\/v2\/posts"}],"about":[{"href":"https:\/\/estado29.mx\/index.php?rest_route=\/wp\/v2\/types\/post"}],"author":[{"embeddable":true,"href":"https:\/\/estado29.mx\/index.php?rest_route=\/wp\/v2\/users\/4"}],"replies":[{"embeddable":true,"href":"https:\/\/estado29.mx\/index.php?rest_route=%2Fwp%2Fv2%2Fcomments&post=84102"}],"version-history":[{"count":1,"href":"https:\/\/estado29.mx\/index.php?rest_route=\/wp\/v2\/posts\/84102\/revisions"}],"predecessor-version":[{"id":84104,"href":"https:\/\/estado29.mx\/index.php?rest_route=\/wp\/v2\/posts\/84102\/revisions\/84104"}],"wp:featuredmedia":[{"embeddable":true,"href":"https:\/\/estado29.mx\/index.php?rest_route=\/wp\/v2\/media\/84103"}],"wp:attachment":[{"href":"https:\/\/estado29.mx\/index.php?rest_route=%2Fwp%2Fv2%2Fmedia&parent=84102"}],"wp:term":[{"taxonomy":"category","embeddable":true,"href":"https:\/\/estado29.mx\/index.php?rest_route=%2Fwp%2Fv2%2Fcategories&post=84102"},{"taxonomy":"post_tag","embeddable":true,"href":"https:\/\/estado29.mx\/index.php?rest_route=%2Fwp%2Fv2%2Ftags&post=84102"}],"curies":[{"name":"wp","href":"https:\/\/api.w.org\/{rel}","templated":true}]}}