{"id":84127,"date":"2023-01-16T13:36:02","date_gmt":"2023-01-16T13:36:02","guid":{"rendered":"https:\/\/estado29.mx\/?p=84127"},"modified":"2023-01-16T13:36:03","modified_gmt":"2023-01-16T13:36:03","slug":"imparten-conferencia-magistral-rompiendo-el-paradigma-de-la-ensenanza-a-docentes-del-cecyte","status":"publish","type":"post","link":"https:\/\/estado29.mx\/?p=84127","title":{"rendered":"Imparten conferencia magistral \u201crompiendo el paradigma de la ense\u00f1anza\u201d a docentes del CECYTE"},"content":{"rendered":"\n<p>*La charla corri\u00f3 a cargo de la Direcci\u00f3n General del subsistema<\/p>\n\n\n\n<p>La Direcci\u00f3n General del Colegio de Estudios Cient\u00edficos y Tecnol\u00f3gicos del Estado y de los centros de Educaci\u00f3n Media Superior a Distancia (Cecyte\u2013Emsad) imparti\u00f3 una conferencia magistral a toda la plantilla docente del subsistema, as\u00ed como a personal de base, interino y de promoci\u00f3n docente de la Unidad del Sistema para la Carrera de las Maestras y los Maestros (Ussicam).<\/p>\n\n\n\n<p>Lo anterior, con el prop\u00f3sito de fortalecer las pr\u00e1cticas docentes con enfoque humanista y el fortalecimiento de valores.<\/p>\n\n\n\n<p>Esta es la primera ocasi\u00f3n que se imparte una conferencia de este tipo para todo el personal docente y forma parte de las acciones que el colegio efect\u00faa para lograr una transformaci\u00f3n de la tarea educativa encomendada por la titular del Ejecutivo estatal, Lorena Cu\u00e9llar Cisneros, quien ha puesto a la educaci\u00f3n como un pilar de desarrollo para la entidad.<\/p>\n\n\n\n<p>La conferencia denominada \u201cRompiendo el paradigma de la ense\u00f1anza, maestros para el siglo XXI\u201d, fue impartida por el director general del Cecyte, Norberto Cervantes Contreras y se llev\u00f3 a cabo en las instalaciones del auditorio deportivo del Tecnol\u00f3gico Nacional de M\u00e9xico (TecNM), campus Apizaco, con una audiencia superior a mil docentes.<\/p>\n\n\n\n<p>La premisa de Cervantes Contreras fue rescatar las actitudes y valores positivos que desarrollan las y los profesores en sus actividades diarias, el reforzamiento del mensaje \u201cpara ser un buen docente, se debe ser una buena persona, por ello, maestro, no llenes cabezas, llena corazones y mueve voluntades\u201d.<\/p>\n\n\n\n<p>Durante su mensaje de bienvenida, el director del TecNM, campus Apizaco, Sergio Octavio Rosales Aguayo reafirm\u00f3 la estrecha relaci\u00f3n que existe entre ambas instituciones educativas, ya que \u201ccerca del 25 por ciento de nuestros estudiantes proviene de colegios Cecyte y han demostrado ser elementos muy valiosos para nuestro instituto\u201d.<\/p>\n\n\n\n<p>El evento cont\u00f3 tambi\u00e9n con la presencia de la directora de Educaci\u00f3n Media Superior y Superior de la Secretar\u00eda de Educaci\u00f3n P\u00fablica del Estado (SEPE), Sandra Corona Padilla y de directivos de la Direcci\u00f3n General y planteles del Cecyte\u2013Emsad.<\/p>\n","protected":false},"excerpt":{"rendered":"<p>*La charla corri\u00f3 a cargo de la Direcci\u00f3n General del subsistema La Direcci\u00f3n General del Colegio de Estudios Cient\u00edficos y Tecnol\u00f3gicos del Estado y de los centros de Educaci\u00f3n Media Superior a Distancia (Cecyte\u2013Emsad) imparti\u00f3 una conferencia magistral a toda la plantilla docente del subsistema, as\u00ed como a personal de base, interino y de promoci\u00f3n [&hellip;]<\/p>\n","protected":false},"author":4,"featured_media":84128,"comment_status":"open","ping_status":"open","sticky":false,"template":"","format":"standard","meta":{"om_disable_all_campaigns":false,"_monsterinsights_skip_tracking":false,"_monsterinsights_sitenote_active":false,"_monsterinsights_sitenote_note":"","_monsterinsights_sitenote_category":0,"jnews-multi-image_gallery":[],"jnews_single_post":{"subtitle":"","format":"standard","video":"","gallery":"","source_name":"","source_url":"","via_name":"","via_url":"","override_template":"0","override":[{"template":"1","single_blog_custom":"","parallax":"1","fullscreen":"1","layout":"right-sidebar","sidebar":"default-sidebar","second_sidebar":"default-sidebar","sticky_sidebar":"1","share_position":"top","share_float_style":"share-monocrhome","show_share_counter":"1","show_view_counter":"1","show_featured":"1","show_post_meta":"1","show_post_author":"1","show_post_author_image":"1","show_post_date":"1","post_date_format":"default","post_date_format_custom":"Y\/m\/d","show_post_category":"1","show_post_reading_time":"0","post_reading_time_wpm":"300","show_zoom_button":"0","zoom_button_out_step":"2","zoom_button_in_step":"3","show_post_tag":"1","show_prev_next_post":"1","show_popup_post":"1","number_popup_post":"1","show_author_box":"1","show_post_related":"0","show_inline_post_related":"0"}],"override_image_size":"0","image_override":[{"single_post_thumbnail_size":"crop-500","single_post_gallery_size":"crop-500"}],"trending_post":"0","trending_post_position":"meta","trending_post_label":"Trending","sponsored_post":"0","sponsored_post_label":"Sponsored by","sponsored_post_name":"","sponsored_post_url":"","sponsored_post_logo_enable":"0","sponsored_post_logo":"","sponsored_post_desc":"","disable_ad":"0"},"jnews_primary_category":{"id":""},"footnotes":""},"categories":[43,52],"tags":[],"class_list":["post-84127","post","type-post","status-publish","format-standard","has-post-thumbnail","hentry","category-estado","category-gobierno-de-tlaxcala"],"aioseo_notices":[],"_links":{"self":[{"href":"https:\/\/estado29.mx\/index.php?rest_route=\/wp\/v2\/posts\/84127","targetHints":{"allow":["GET"]}}],"collection":[{"href":"https:\/\/estado29.mx\/index.php?rest_route=\/wp\/v2\/posts"}],"about":[{"href":"https:\/\/estado29.mx\/index.php?rest_route=\/wp\/v2\/types\/post"}],"author":[{"embeddable":true,"href":"https:\/\/estado29.mx\/index.php?rest_route=\/wp\/v2\/users\/4"}],"replies":[{"embeddable":true,"href":"https:\/\/estado29.mx\/index.php?rest_route=%2Fwp%2Fv2%2Fcomments&post=84127"}],"version-history":[{"count":1,"href":"https:\/\/estado29.mx\/index.php?rest_route=\/wp\/v2\/posts\/84127\/revisions"}],"predecessor-version":[{"id":84129,"href":"https:\/\/estado29.mx\/index.php?rest_route=\/wp\/v2\/posts\/84127\/revisions\/84129"}],"wp:featuredmedia":[{"embeddable":true,"href":"https:\/\/estado29.mx\/index.php?rest_route=\/wp\/v2\/media\/84128"}],"wp:attachment":[{"href":"https:\/\/estado29.mx\/index.php?rest_route=%2Fwp%2Fv2%2Fmedia&parent=84127"}],"wp:term":[{"taxonomy":"category","embeddable":true,"href":"https:\/\/estado29.mx\/index.php?rest_route=%2Fwp%2Fv2%2Fcategories&post=84127"},{"taxonomy":"post_tag","embeddable":true,"href":"https:\/\/estado29.mx\/index.php?rest_route=%2Fwp%2Fv2%2Ftags&post=84127"}],"curies":[{"name":"wp","href":"https:\/\/api.w.org\/{rel}","templated":true}]}}