{"id":84136,"date":"2023-01-17T13:21:11","date_gmt":"2023-01-17T13:21:11","guid":{"rendered":"https:\/\/estado29.mx\/?p=84136"},"modified":"2023-01-17T13:21:12","modified_gmt":"2023-01-17T13:21:12","slug":"gobernadora-lorena-cuellar-cisneros-toma-protesta-a-ramon-celaya-como-nuevo-secretario-de-seguridad","status":"publish","type":"post","link":"https:\/\/estado29.mx\/?p=84136","title":{"rendered":"Gobernadora Lorena Cu\u00e9llar Cisneros toma protesta a Ram\u00f3n Celaya como nuevo secretario de seguridad"},"content":{"rendered":"\n<p>*La gobernadora exhort\u00f3 a redoblar esfuerzos a fin de buscar el bienestar y la paz de todos los tlaxcaltecas<\/p>\n\n\n\n<p>La gobernadora de Tlaxcala, Lorena Cu\u00e9llar Cisneros tom\u00f3 protesta al nuevo titular de la Secretar\u00eda de Seguridad Ciudadana (SSC), Ram\u00f3n Celaya Gamboa, a quien instruy\u00f3 a desempe\u00f1arse con lealtad, \u00e9tica, compromiso, profesionalismo y anteponer en todo momento el bienestar de la poblaci\u00f3n tlaxcalteca.<\/p>\n\n\n\n<p>En la ceremonia realizada en las instalaciones de la dependencia, la mandataria estatal reiter\u00f3 su compromiso de atender las causas que originan la desigualdad a trav\u00e9s del trabajo coordinado con los tres \u00f3rdenes de gobierno y la sociedad civil, para garantizar la paz en el estado.<\/p>\n\n\n\n<p>\u201cEstoy segura que la experiencia de nuestro nuevo secretario ser\u00e1 indispensable para garantizar que Tlaxcala siga siendo un lugar de paz donde prevalezca la libertad, el orden y donde la ley se cumpla y se haga justicia con estricto respeto a los derechos humanos, tiene toda mi confianza para coordinar las acciones que contempla la estrategia de seguridad y proteger a los ciudadanos que es lo fundamental para este gobierno\u201d, puntualiz\u00f3.<\/p>\n\n\n\n<p>Cu\u00e9llar Cisneros mencion\u00f3 que a pesar de que Tlaxcala se ubica como uno de los estados con menor \u00edndice delictivo, es transcendental fortalecer la estrategia de seguridad.<\/p>\n\n\n\n<p>\u201cEs prioritario que trabajemos unidos con lealtad, con amor por la gente y que siempre prevalezcan los valores, que se ejecute el oficio de servir al pueblo con honor, sin corrupci\u00f3n y que no haya impunidad. Vamos a fortalecer la seguridad con nuevos directores porque es importante que tengamos una gran coordinaci\u00f3n, precisamente para dar lo mejor\u201d, sostuvo.<\/p>\n\n\n\n<p>En su intervenci\u00f3n, Celaya Gamboa expuso que la construcci\u00f3n de la paz requiere la participaci\u00f3n de todos los sectores de la sociedad, por lo que manifest\u00f3 su apertura con los mismos para que se involucren en los procesos de formulaci\u00f3n y aplicaci\u00f3n de las estrategias de seguridad.<\/p>\n\n\n\n<p>Subray\u00f3 que entre sus objetivos se encuentra recuperar la m\u00edstica de la vocaci\u00f3n policial para que los elementos se sientan honrados y privilegiados de pertenecer a esta corporaci\u00f3n, lo que tambi\u00e9n genere un incremento en la confianza ciudadana.<\/p>\n\n\n\n<p>\u201cCompa\u00f1eras y compa\u00f1eros polic\u00edas, el d\u00eda de hoy les pido todo su apoyo y toda su colaboraci\u00f3n, crean y tengan en mente que siempre vamos a estar pensando en ustedes como una pieza clave para lograr la seguridad, siempre velaremos por su bienestar, porque sin su participaci\u00f3n no ser\u00eda posible lograr esta tarea\u201d, afirm\u00f3.<\/p>\n\n\n\n<p>Posteriormente, el secretario t\u00e9cnico de la SSC, Guadalupe Ballesteros Arellano rindi\u00f3 un informe del estado que guarda la dependencia y present\u00f3 a los mandos que integran las direcciones de la misma.<\/p>\n\n\n\n<p>Al t\u00e9rmino del acto protocolario al que asistieron el secretario de Gobierno, Sergio Gonz\u00e1lez Hern\u00e1ndez y autoridades que integran la Mesa de Seguridad, el nuevo titular de la SSC, Ram\u00f3n Celaya Gamboa, present\u00f3 su Plan de Trabajo ante la gobernadora Lorena Cu\u00e9llar y medios de comunicaci\u00f3n.<\/p>\n\n\n\n<p>Ram\u00f3n Celaya Gamboa es abogado penalista egresado de la Universidad Tecnol\u00f3gica de M\u00e9xico, especialista en Juicios Orales y Proceso Penal Acusatorio con 28 a\u00f1os de experiencia en la Administraci\u00f3n P\u00fablica Federal en \u00e1reas de Seguridad Nacional y Procuraci\u00f3n de Justicia, Especialista en Inteligencia y Procesos de seguridad.<\/p>\n\n\n\n<p>Entre algunos cargos que ha desempe\u00f1ado se encuentran, ser vicefiscal de Investigaci\u00f3n, Fiscal\u00eda General del Estado de Guerrero, agente del Ministerio P\u00fablico Militar, adscrito a la Procuradur\u00eda General de Justicia Militar y consultor Jur\u00eddico de la Procuradur\u00eda General de Justicia Militar.<\/p>\n","protected":false},"excerpt":{"rendered":"<p>*La gobernadora exhort\u00f3 a redoblar esfuerzos a fin de buscar el bienestar y la paz de todos los tlaxcaltecas La gobernadora de Tlaxcala, Lorena Cu\u00e9llar Cisneros tom\u00f3 protesta al nuevo titular de la Secretar\u00eda de Seguridad Ciudadana (SSC), Ram\u00f3n Celaya Gamboa, a quien instruy\u00f3 a desempe\u00f1arse con lealtad, \u00e9tica, compromiso, profesionalismo y anteponer en todo [&hellip;]<\/p>\n","protected":false},"author":4,"featured_media":84137,"comment_status":"open","ping_status":"open","sticky":false,"template":"","format":"standard","meta":{"om_disable_all_campaigns":false,"_monsterinsights_skip_tracking":false,"_monsterinsights_sitenote_active":false,"_monsterinsights_sitenote_note":"","_monsterinsights_sitenote_category":0,"jnews-multi-image_gallery":[],"jnews_single_post":{"subtitle":"","format":"standard","video":"","gallery":"","source_name":"","source_url":"","via_name":"","via_url":"","override_template":"0","override":[{"template":"1","single_blog_custom":"","parallax":"1","fullscreen":"1","layout":"right-sidebar","sidebar":"default-sidebar","second_sidebar":"default-sidebar","sticky_sidebar":"1","share_position":"top","share_float_style":"share-monocrhome","show_share_counter":"1","show_view_counter":"1","show_featured":"1","show_post_meta":"1","show_post_author":"1","show_post_author_image":"1","show_post_date":"1","post_date_format":"default","post_date_format_custom":"Y\/m\/d","show_post_category":"1","show_post_reading_time":"0","post_reading_time_wpm":"300","show_zoom_button":"0","zoom_button_out_step":"2","zoom_button_in_step":"3","show_post_tag":"1","show_prev_next_post":"1","show_popup_post":"1","number_popup_post":"1","show_author_box":"1","show_post_related":"0","show_inline_post_related":"0"}],"override_image_size":"0","image_override":[{"single_post_thumbnail_size":"crop-500","single_post_gallery_size":"crop-500"}],"trending_post":"0","trending_post_position":"meta","trending_post_label":"Trending","sponsored_post":"0","sponsored_post_label":"Sponsored by","sponsored_post_name":"","sponsored_post_url":"","sponsored_post_logo_enable":"0","sponsored_post_logo":"","sponsored_post_desc":"","disable_ad":"0"},"jnews_primary_category":{"id":""},"footnotes":""},"categories":[43,52],"tags":[150,110,119,118,96],"class_list":["post-84136","post","type-post","status-publish","format-standard","has-post-thumbnail","hentry","category-estado","category-gobierno-de-tlaxcala","tag-gobierno-del-estado","tag-municipios","tag-seguridad","tag-ssc","tag-tlaxcala"],"aioseo_notices":[],"_links":{"self":[{"href":"https:\/\/estado29.mx\/index.php?rest_route=\/wp\/v2\/posts\/84136","targetHints":{"allow":["GET"]}}],"collection":[{"href":"https:\/\/estado29.mx\/index.php?rest_route=\/wp\/v2\/posts"}],"about":[{"href":"https:\/\/estado29.mx\/index.php?rest_route=\/wp\/v2\/types\/post"}],"author":[{"embeddable":true,"href":"https:\/\/estado29.mx\/index.php?rest_route=\/wp\/v2\/users\/4"}],"replies":[{"embeddable":true,"href":"https:\/\/estado29.mx\/index.php?rest_route=%2Fwp%2Fv2%2Fcomments&post=84136"}],"version-history":[{"count":1,"href":"https:\/\/estado29.mx\/index.php?rest_route=\/wp\/v2\/posts\/84136\/revisions"}],"predecessor-version":[{"id":84138,"href":"https:\/\/estado29.mx\/index.php?rest_route=\/wp\/v2\/posts\/84136\/revisions\/84138"}],"wp:featuredmedia":[{"embeddable":true,"href":"https:\/\/estado29.mx\/index.php?rest_route=\/wp\/v2\/media\/84137"}],"wp:attachment":[{"href":"https:\/\/estado29.mx\/index.php?rest_route=%2Fwp%2Fv2%2Fmedia&parent=84136"}],"wp:term":[{"taxonomy":"category","embeddable":true,"href":"https:\/\/estado29.mx\/index.php?rest_route=%2Fwp%2Fv2%2Fcategories&post=84136"},{"taxonomy":"post_tag","embeddable":true,"href":"https:\/\/estado29.mx\/index.php?rest_route=%2Fwp%2Fv2%2Ftags&post=84136"}],"curies":[{"name":"wp","href":"https:\/\/api.w.org\/{rel}","templated":true}]}}