{"id":84160,"date":"2023-01-17T13:39:52","date_gmt":"2023-01-17T13:39:52","guid":{"rendered":"https:\/\/estado29.mx\/?p=84160"},"modified":"2023-01-17T13:39:53","modified_gmt":"2023-01-17T13:39:53","slug":"asiste-el-comite-directivo-estatal-en-compania-de-representantes-de-sectores-y-organizaciones-del-pri-a-la-primera-jornada-nacional-de-capacitacion-del-cen-2023","status":"publish","type":"post","link":"https:\/\/estado29.mx\/?p=84160","title":{"rendered":"Asiste el comit\u00e9 directivo estatal, en compa\u00f1\u00eda de representantes de sectores y organizaciones del PRI a la primera jornada nacional de capacitaci\u00f3n del CEN 2023"},"content":{"rendered":"\n<p>Presidida por el Presidente Nacional del PRI, Alejandro Moreno C\u00e1rdenas, dio inicio la Jornada Nacional de Capacitaci\u00f3n 2023, a la cual asistieron nueve estados de la Rep\u00fablica Mexicana, participando Tlaxcala, en donde fue representado por miembros del Comit\u00e9 Directivo Estatal del PRI; as\u00ed como representantes de Sectores y Organizaciones de los estados de Tlaxcala encabezados por su l\u00edder estatal, Anabell \u00c1valos Zempoalteca.<br><br>Durante el evento, \u00c1valos Zempoalteca, respald\u00f3 los trabajos del CEN del PRI, en coordinaci\u00f3n con la Secretar\u00eda de Organizaci\u00f3n Nacional y el Instituto Reyes Heroles, encabezados por Graciela Ortiz Gonz\u00e1lez y L\u00e1zaro Jim\u00e9nez Aquino, respectivamente, destacando la importancia de estas jornadas en favor de la formaci\u00f3n de una militancia preparada y lista para proponer y devolverle el rumbo al pa\u00eds.<br><br>La jornada const\u00f3 de cuatro conferencias magistrales impartidas por expertos en materia de Comunicaci\u00f3n y Estrategia Pol\u00edtica, Investigaci\u00f3n y Sociolog\u00eda; contando con la presencia en esta primera jornada de los estados de Hidalgo, Morelos, Puebla, Tlaxcala, Guerrero, Hidalgo, Estado de M\u00e9xico, Quer\u00e9taro y San Luis Potos\u00ed.<br><br>Con estas jornadas el pri\u00edsmo tlaxcalteca y de todo el pa\u00eds busca reforzar los trabajos de estrategia y unidad partidista para ganar las elecciones del 2023 y 2024.<\/p>\n","protected":false},"excerpt":{"rendered":"<p>Presidida por el Presidente Nacional del PRI, Alejandro Moreno C\u00e1rdenas, dio inicio la Jornada Nacional de Capacitaci\u00f3n 2023, a la cual asistieron nueve estados de la Rep\u00fablica Mexicana, participando Tlaxcala, en donde fue representado por miembros del Comit\u00e9 Directivo Estatal del PRI; as\u00ed como representantes de Sectores y Organizaciones de los estados de Tlaxcala encabezados [&hellip;]<\/p>\n","protected":false},"author":4,"featured_media":84161,"comment_status":"open","ping_status":"open","sticky":false,"template":"","format":"standard","meta":{"om_disable_all_campaigns":false,"_monsterinsights_skip_tracking":false,"_monsterinsights_sitenote_active":false,"_monsterinsights_sitenote_note":"","_monsterinsights_sitenote_category":0,"jnews-multi-image_gallery":[],"jnews_single_post":{"subtitle":"","format":"standard","video":"","gallery":"","source_name":"","source_url":"","via_name":"","via_url":"","override_template":"0","override":[{"template":"1","single_blog_custom":"","parallax":"1","fullscreen":"1","layout":"right-sidebar","sidebar":"default-sidebar","second_sidebar":"default-sidebar","sticky_sidebar":"1","share_position":"top","share_float_style":"share-monocrhome","show_share_counter":"1","show_view_counter":"1","show_featured":"1","show_post_meta":"1","show_post_author":"1","show_post_author_image":"1","show_post_date":"1","post_date_format":"default","post_date_format_custom":"Y\/m\/d","show_post_category":"1","show_post_reading_time":"0","post_reading_time_wpm":"300","show_zoom_button":"0","zoom_button_out_step":"2","zoom_button_in_step":"3","show_post_tag":"1","show_prev_next_post":"1","show_popup_post":"1","number_popup_post":"1","show_author_box":"1","show_post_related":"0","show_inline_post_related":"0"}],"override_image_size":"0","image_override":[{"single_post_thumbnail_size":"crop-500","single_post_gallery_size":"crop-500"}],"trending_post":"0","trending_post_position":"meta","trending_post_label":"Trending","sponsored_post":"0","sponsored_post_label":"Sponsored by","sponsored_post_name":"","sponsored_post_url":"","sponsored_post_logo_enable":"0","sponsored_post_logo":"","sponsored_post_desc":"","disable_ad":"0"},"jnews_primary_category":{"id":""},"footnotes":""},"categories":[43,46,67],"tags":[110,730,290,96],"class_list":["post-84160","post","type-post","status-publish","format-standard","has-post-thumbnail","hentry","category-estado","category-politica","category-tlaxcala","tag-municipios","tag-politica-2","tag-pri","tag-tlaxcala"],"aioseo_notices":[],"_links":{"self":[{"href":"https:\/\/estado29.mx\/index.php?rest_route=\/wp\/v2\/posts\/84160","targetHints":{"allow":["GET"]}}],"collection":[{"href":"https:\/\/estado29.mx\/index.php?rest_route=\/wp\/v2\/posts"}],"about":[{"href":"https:\/\/estado29.mx\/index.php?rest_route=\/wp\/v2\/types\/post"}],"author":[{"embeddable":true,"href":"https:\/\/estado29.mx\/index.php?rest_route=\/wp\/v2\/users\/4"}],"replies":[{"embeddable":true,"href":"https:\/\/estado29.mx\/index.php?rest_route=%2Fwp%2Fv2%2Fcomments&post=84160"}],"version-history":[{"count":1,"href":"https:\/\/estado29.mx\/index.php?rest_route=\/wp\/v2\/posts\/84160\/revisions"}],"predecessor-version":[{"id":84162,"href":"https:\/\/estado29.mx\/index.php?rest_route=\/wp\/v2\/posts\/84160\/revisions\/84162"}],"wp:featuredmedia":[{"embeddable":true,"href":"https:\/\/estado29.mx\/index.php?rest_route=\/wp\/v2\/media\/84161"}],"wp:attachment":[{"href":"https:\/\/estado29.mx\/index.php?rest_route=%2Fwp%2Fv2%2Fmedia&parent=84160"}],"wp:term":[{"taxonomy":"category","embeddable":true,"href":"https:\/\/estado29.mx\/index.php?rest_route=%2Fwp%2Fv2%2Fcategories&post=84160"},{"taxonomy":"post_tag","embeddable":true,"href":"https:\/\/estado29.mx\/index.php?rest_route=%2Fwp%2Fv2%2Ftags&post=84160"}],"curies":[{"name":"wp","href":"https:\/\/api.w.org\/{rel}","templated":true}]}}