{"id":84163,"date":"2023-01-17T13:41:17","date_gmt":"2023-01-17T13:41:17","guid":{"rendered":"https:\/\/estado29.mx\/?p=84163"},"modified":"2023-01-17T13:41:17","modified_gmt":"2023-01-17T13:41:17","slug":"vincula-pgje-a-proceso-a-tres-hombres-por-secuestro-agravado","status":"publish","type":"post","link":"https:\/\/estado29.mx\/?p=84163","title":{"rendered":"Vincula PGJE a proceso a tres hombres por secuestro agravado"},"content":{"rendered":"\n<p>*Agentes de la Polic\u00eda de Investigaci\u00f3n ejecutaron la orden de aprehensi\u00f3n el pasado 10 de enero<\/p>\n\n\n\n<p>La Procuradur\u00eda General de Justicia del Estado (PGJE), a trav\u00e9s del agente del Ministerio P\u00fablico del fuero com\u00fan, obtuvo que un juez de Control vinculara a proceso a tres personas del sexo masculino por el delito de secuestro agravado.<\/p>\n\n\n\n<p>Al realizar las indagatorias correspondientes, el representante del fuero com\u00fan, en coordinaci\u00f3n con la Polic\u00eda de Investigaci\u00f3n y Servicios Periciales de la PGJE, recab\u00f3 los datos de prueba necesarios para que el juez de la Causa otorgara la orden de aprehensi\u00f3n, a la cual se le dio cumplimiento el pasado 10 de enero.<\/p>\n\n\n\n<p>Posteriormente, el agente del Ministerio P\u00fablico de la Procuradur\u00eda integr\u00f3 y judicializ\u00f3 la carpeta de investigaci\u00f3n con los elementos probatorios suficientes aportados por las \u00e1reas de Investigaci\u00f3n y Periciales, para que el juez los vinculara a proceso por el delito referido y determinar la prisi\u00f3n preventiva oficiosa, donde continuar\u00e1n con su procedimiento.<\/p>\n\n\n\n<p>Con estas acciones, la Procuradur\u00eda General de Justicia del Estado refrenda su compromiso de agotar todas las l\u00edneas de investigaci\u00f3n para hacer cumplir la ley contra quien o quienes atenten contra la integridad de la ciudadan\u00eda tlaxcalteca.<\/p>\n","protected":false},"excerpt":{"rendered":"<p>*Agentes de la Polic\u00eda de Investigaci\u00f3n ejecutaron la orden de aprehensi\u00f3n el pasado 10 de enero La Procuradur\u00eda General de Justicia del Estado (PGJE), a trav\u00e9s del agente del Ministerio P\u00fablico del fuero com\u00fan, obtuvo que un juez de Control vinculara a proceso a tres personas del sexo masculino por el delito de secuestro agravado. [&hellip;]<\/p>\n","protected":false},"author":4,"featured_media":84164,"comment_status":"open","ping_status":"open","sticky":false,"template":"","format":"standard","meta":{"om_disable_all_campaigns":false,"_monsterinsights_skip_tracking":false,"_monsterinsights_sitenote_active":false,"_monsterinsights_sitenote_note":"","_monsterinsights_sitenote_category":0,"jnews-multi-image_gallery":[],"jnews_single_post":{"subtitle":"","format":"standard","video":"","gallery":"","source_name":"","source_url":"","via_name":"","via_url":"","override_template":"0","override":[{"template":"1","single_blog_custom":"","parallax":"1","fullscreen":"1","layout":"right-sidebar","sidebar":"default-sidebar","second_sidebar":"default-sidebar","sticky_sidebar":"1","share_position":"top","share_float_style":"share-monocrhome","show_share_counter":"1","show_view_counter":"1","show_featured":"1","show_post_meta":"1","show_post_author":"1","show_post_author_image":"1","show_post_date":"1","post_date_format":"default","post_date_format_custom":"Y\/m\/d","show_post_category":"1","show_post_reading_time":"0","post_reading_time_wpm":"300","show_zoom_button":"0","zoom_button_out_step":"2","zoom_button_in_step":"3","show_post_tag":"1","show_prev_next_post":"1","show_popup_post":"1","number_popup_post":"1","show_author_box":"1","show_post_related":"0","show_inline_post_related":"0"}],"override_image_size":"0","image_override":[{"single_post_thumbnail_size":"crop-500","single_post_gallery_size":"crop-500"}],"trending_post":"0","trending_post_position":"meta","trending_post_label":"Trending","sponsored_post":"0","sponsored_post_label":"Sponsored by","sponsored_post_name":"","sponsored_post_url":"","sponsored_post_logo_enable":"0","sponsored_post_logo":"","sponsored_post_desc":"","disable_ad":"0"},"jnews_primary_category":{"id":""},"footnotes":""},"categories":[43,52],"tags":[150,110,91,96],"class_list":["post-84163","post","type-post","status-publish","format-standard","has-post-thumbnail","hentry","category-estado","category-gobierno-de-tlaxcala","tag-gobierno-del-estado","tag-municipios","tag-pgje","tag-tlaxcala"],"aioseo_notices":[],"_links":{"self":[{"href":"https:\/\/estado29.mx\/index.php?rest_route=\/wp\/v2\/posts\/84163","targetHints":{"allow":["GET"]}}],"collection":[{"href":"https:\/\/estado29.mx\/index.php?rest_route=\/wp\/v2\/posts"}],"about":[{"href":"https:\/\/estado29.mx\/index.php?rest_route=\/wp\/v2\/types\/post"}],"author":[{"embeddable":true,"href":"https:\/\/estado29.mx\/index.php?rest_route=\/wp\/v2\/users\/4"}],"replies":[{"embeddable":true,"href":"https:\/\/estado29.mx\/index.php?rest_route=%2Fwp%2Fv2%2Fcomments&post=84163"}],"version-history":[{"count":1,"href":"https:\/\/estado29.mx\/index.php?rest_route=\/wp\/v2\/posts\/84163\/revisions"}],"predecessor-version":[{"id":84165,"href":"https:\/\/estado29.mx\/index.php?rest_route=\/wp\/v2\/posts\/84163\/revisions\/84165"}],"wp:featuredmedia":[{"embeddable":true,"href":"https:\/\/estado29.mx\/index.php?rest_route=\/wp\/v2\/media\/84164"}],"wp:attachment":[{"href":"https:\/\/estado29.mx\/index.php?rest_route=%2Fwp%2Fv2%2Fmedia&parent=84163"}],"wp:term":[{"taxonomy":"category","embeddable":true,"href":"https:\/\/estado29.mx\/index.php?rest_route=%2Fwp%2Fv2%2Fcategories&post=84163"},{"taxonomy":"post_tag","embeddable":true,"href":"https:\/\/estado29.mx\/index.php?rest_route=%2Fwp%2Fv2%2Ftags&post=84163"}],"curies":[{"name":"wp","href":"https:\/\/api.w.org\/{rel}","templated":true}]}}