{"id":84169,"date":"2023-01-17T13:44:19","date_gmt":"2023-01-17T13:44:19","guid":{"rendered":"https:\/\/estado29.mx\/?p=84169"},"modified":"2023-01-17T13:44:19","modified_gmt":"2023-01-17T13:44:19","slug":"ejecuta-pgje-orden-de-aprehension-por-homicidio-calificado","status":"publish","type":"post","link":"https:\/\/estado29.mx\/?p=84169","title":{"rendered":"Ejecuta PGJE orden de aprehensi\u00f3n por homicidio calificado"},"content":{"rendered":"\n<p>*Se aportaron los datos de prueba necesarios para que el juez de la Causa otorgara el mandamiento judicial<\/p>\n\n\n\n<p>La Procuradur\u00eda General de Justicia del Estado (PGJE), a trav\u00e9s de agentes de la Polic\u00eda de Investigaci\u00f3n, ejecut\u00f3 una orden de aprehensi\u00f3n por el delito de homicidio calificado, hecho que aconteci\u00f3 en el municipio de Cuaxomulco.<\/p>\n\n\n\n<p>Los hechos asentados en el expediente refieren que el 10 de noviembre de 2022, el ahora imputado se encontraba a bordo de un veh\u00edculo marca Chevrolet, tipo&nbsp; Chevy, color blanco, cuando se encontr\u00f3 a la v\u00edctima y la agredi\u00f3 verbalmente.<\/p>\n\n\n\n<p>Posteriormente, se encontraron y nuevamente discutieron, motivo por el que el masculino sac\u00f3 un arma de fuego y le dispar\u00f3 a la v\u00edctima en la pierna izquierda, lo que ocasion\u00f3 que se desvaneciera, mientras que el hombre se dio a la fuga.<\/p>\n\n\n\n<p>Ante este hecho, las \u00e1reas de Polic\u00eda de Investigaci\u00f3n y Servicios Periciales realizaron las indagatorias correspondientes para aportar los datos de prueba necesarios, a fin de que el juez de la Causa otorgara el mandamiento judicial, que se cumpliment\u00f3 en el municipio de Yauhquemehcan.<\/p>\n\n\n\n<p>De esta manera, la Procuradur\u00eda General de Justicia del Estado realiza las pesquisas necesarias para que las personas respondan ante la autoridad correspondiente.<\/p>\n","protected":false},"excerpt":{"rendered":"<p>*Se aportaron los datos de prueba necesarios para que el juez de la Causa otorgara el mandamiento judicial La Procuradur\u00eda General de Justicia del Estado (PGJE), a trav\u00e9s de agentes de la Polic\u00eda de Investigaci\u00f3n, ejecut\u00f3 una orden de aprehensi\u00f3n por el delito de homicidio calificado, hecho que aconteci\u00f3 en el municipio de Cuaxomulco. Los [&hellip;]<\/p>\n","protected":false},"author":4,"featured_media":84170,"comment_status":"open","ping_status":"open","sticky":false,"template":"","format":"standard","meta":{"om_disable_all_campaigns":false,"_monsterinsights_skip_tracking":false,"_monsterinsights_sitenote_active":false,"_monsterinsights_sitenote_note":"","_monsterinsights_sitenote_category":0,"jnews-multi-image_gallery":[],"jnews_single_post":{"subtitle":"","format":"standard","video":"","gallery":"","source_name":"","source_url":"","via_name":"","via_url":"","override_template":"0","override":[{"template":"1","single_blog_custom":"","parallax":"1","fullscreen":"1","layout":"right-sidebar","sidebar":"default-sidebar","second_sidebar":"default-sidebar","sticky_sidebar":"1","share_position":"top","share_float_style":"share-monocrhome","show_share_counter":"1","show_view_counter":"1","show_featured":"1","show_post_meta":"1","show_post_author":"1","show_post_author_image":"1","show_post_date":"1","post_date_format":"default","post_date_format_custom":"Y\/m\/d","show_post_category":"1","show_post_reading_time":"0","post_reading_time_wpm":"300","show_zoom_button":"0","zoom_button_out_step":"2","zoom_button_in_step":"3","show_post_tag":"1","show_prev_next_post":"1","show_popup_post":"1","number_popup_post":"1","show_author_box":"1","show_post_related":"0","show_inline_post_related":"0"}],"override_image_size":"0","image_override":[{"single_post_thumbnail_size":"crop-500","single_post_gallery_size":"crop-500"}],"trending_post":"0","trending_post_position":"meta","trending_post_label":"Trending","sponsored_post":"0","sponsored_post_label":"Sponsored by","sponsored_post_name":"","sponsored_post_url":"","sponsored_post_logo_enable":"0","sponsored_post_logo":"","sponsored_post_desc":"","disable_ad":"0"},"jnews_primary_category":{"id":""},"footnotes":""},"categories":[43,52],"tags":[150,110,91,96],"class_list":["post-84169","post","type-post","status-publish","format-standard","has-post-thumbnail","hentry","category-estado","category-gobierno-de-tlaxcala","tag-gobierno-del-estado","tag-municipios","tag-pgje","tag-tlaxcala"],"aioseo_notices":[],"_links":{"self":[{"href":"https:\/\/estado29.mx\/index.php?rest_route=\/wp\/v2\/posts\/84169","targetHints":{"allow":["GET"]}}],"collection":[{"href":"https:\/\/estado29.mx\/index.php?rest_route=\/wp\/v2\/posts"}],"about":[{"href":"https:\/\/estado29.mx\/index.php?rest_route=\/wp\/v2\/types\/post"}],"author":[{"embeddable":true,"href":"https:\/\/estado29.mx\/index.php?rest_route=\/wp\/v2\/users\/4"}],"replies":[{"embeddable":true,"href":"https:\/\/estado29.mx\/index.php?rest_route=%2Fwp%2Fv2%2Fcomments&post=84169"}],"version-history":[{"count":1,"href":"https:\/\/estado29.mx\/index.php?rest_route=\/wp\/v2\/posts\/84169\/revisions"}],"predecessor-version":[{"id":84171,"href":"https:\/\/estado29.mx\/index.php?rest_route=\/wp\/v2\/posts\/84169\/revisions\/84171"}],"wp:featuredmedia":[{"embeddable":true,"href":"https:\/\/estado29.mx\/index.php?rest_route=\/wp\/v2\/media\/84170"}],"wp:attachment":[{"href":"https:\/\/estado29.mx\/index.php?rest_route=%2Fwp%2Fv2%2Fmedia&parent=84169"}],"wp:term":[{"taxonomy":"category","embeddable":true,"href":"https:\/\/estado29.mx\/index.php?rest_route=%2Fwp%2Fv2%2Fcategories&post=84169"},{"taxonomy":"post_tag","embeddable":true,"href":"https:\/\/estado29.mx\/index.php?rest_route=%2Fwp%2Fv2%2Ftags&post=84169"}],"curies":[{"name":"wp","href":"https:\/\/api.w.org\/{rel}","templated":true}]}}