{"id":84175,"date":"2023-01-18T13:24:24","date_gmt":"2023-01-18T13:24:24","guid":{"rendered":"https:\/\/estado29.mx\/?p=84175"},"modified":"2023-01-18T13:24:25","modified_gmt":"2023-01-18T13:24:25","slug":"abren-convocatoria-para-formar-parte-del-servicio-de-proteccion-federal","status":"publish","type":"post","link":"https:\/\/estado29.mx\/?p=84175","title":{"rendered":"Abren convocatoria para formar parte del servicio de protecci\u00f3n federal"},"content":{"rendered":"\n<p>*Se contratar\u00e1n de manera inmediata a 250 elementos<\/p>\n\n\n\n<p>La Secretar\u00eda de Seguridad y Protecci\u00f3n Ciudadana (SSPC) abri\u00f3 una convocatoria dirigida a mujeres y hombres de entre 18 a\u00f1os y 65 a\u00f1os que deseen formar parte del Servicio de Protecci\u00f3n Federal (SPF), como guardias de seguridad.<\/p>\n\n\n\n<p>Durante la Mesa de Seguridad desarrollada en Palacio de Gobierno, el coordinador ejecutivo de proyectos del SPF, Francisco Hoyos Aguilera, resalt\u00f3 que tienen como meta seleccionar a 2 mil personas que se encargar\u00e1n de la seguridad de las sucursales del Banco del Bienestar, aunque de manera urgente se requieren 250 elementos.<\/p>\n\n\n\n<p>Explic\u00f3 que trabajan en coordinaci\u00f3n con la Secretar\u00eda de Trabajo y Competitividad, el Servicio Nacional del Empleo (SNE) y los ayuntamientos para acercar esta oferta laboral a los habitantes de los 60 municipios del estado, interesados en contar con un puesto formal y bien remunerado.<\/p>\n\n\n\n<p>Mencion\u00f3 que no es requisito tener experiencia en materia de seguridad e indic\u00f3 que tambi\u00e9n podr\u00e1n incorporarse aquellos oficiales que han sido dados de baja honorable o que ya est\u00e1n retirados, \u201ccon nosotros tienen una segunda oportunidad, son dos d\u00edas de ex\u00e1menes de control de confianza, puesto que se tiene que cumplir con la normatividad correspondiente\u201d.<\/p>\n\n\n\n<p>Hoyos Aguilera se\u00f1al\u00f3 que los interesados pueden registrarse (aunque no es obligatorio) en la p\u00e1gina www.spf.gob.mx\/convocatoria, y entre los requisitos a cumplir son: ser ciudadano mexicano, cartilla militar en el caso de los hombres, escolaridad m\u00ednima secundaria, agudeza visual en el rango de 20\/20 hasta 20\/40 con o sin uso de lentes, buen estado de salud, no tener antecedentes penales, no estar inhabilitado, estatura m\u00ednima mujeres 1.50 metros y 1.60 hombres, por mencionar algunos.<\/p>\n\n\n\n<p>Sostuvo que quienes se integren al Servicio de Protecci\u00f3n Federal (SPF), como guardias en la entidad, recibir\u00e1n 11 mil 164 pesos mensuales libres netos, \u201cadem\u00e1s ser\u00e1n acreedores a dos seguros; uno de vida y uno de gastos m\u00e9dicos, Issste y Fovissste por formar parte de la estructura de seguridad del Gobierno de M\u00e9xico\u201d.<\/p>\n\n\n\n<p>Agreg\u00f3 que los elementos tambi\u00e9n recibir\u00e1n 13 mil 500 pesos anuales en vales de despensa que se entregan en el mes de diciembre.<\/p>\n\n\n\n<p>El coordinador de proyectos de los SPF se\u00f1al\u00f3 que a los primeros 100 aspirantes que lleven a cabo su proceso de control y confianza, se les ofrecer\u00e1 transportaci\u00f3n gratuita, alimentaci\u00f3n y probablemente alojamiento en la Ciudad de M\u00e9xico.<\/p>\n\n\n\n<p>Adelant\u00f3 que la convocatoria podr\u00eda crecer a 2 mil empleos a lo largo de 2023 debido a que el objetivo es sustituir paulatinamente los servicios de seguridad privada que en este momento contrata el gobierno federal.<\/p>\n\n\n\n<p>Por lo que tambi\u00e9n se ampliar\u00e1 el servicio de seguridad a instalaciones del IMSS e Issste, \u201cpero en este momento s\u00ed necesitamos de manera urgente por mandato presidencial para el Banco del Bienestar cumplir con 250 plazas\u201d, concluy\u00f3.<\/p>\n","protected":false},"excerpt":{"rendered":"<p>*Se contratar\u00e1n de manera inmediata a 250 elementos La Secretar\u00eda de Seguridad y Protecci\u00f3n Ciudadana (SSPC) abri\u00f3 una convocatoria dirigida a mujeres y hombres de entre 18 a\u00f1os y 65 a\u00f1os que deseen formar parte del Servicio de Protecci\u00f3n Federal (SPF), como guardias de seguridad. Durante la Mesa de Seguridad desarrollada en Palacio de Gobierno, [&hellip;]<\/p>\n","protected":false},"author":4,"featured_media":84176,"comment_status":"open","ping_status":"open","sticky":false,"template":"","format":"standard","meta":{"om_disable_all_campaigns":false,"_monsterinsights_skip_tracking":false,"_monsterinsights_sitenote_active":false,"_monsterinsights_sitenote_note":"","_monsterinsights_sitenote_category":0,"jnews-multi-image_gallery":[],"jnews_single_post":{"subtitle":"","format":"standard","video":"","gallery":"","source_name":"","source_url":"","via_name":"","via_url":"","override_template":"0","override":[{"template":"1","single_blog_custom":"","parallax":"1","fullscreen":"1","layout":"right-sidebar","sidebar":"default-sidebar","second_sidebar":"default-sidebar","sticky_sidebar":"1","share_position":"top","share_float_style":"share-monocrhome","show_share_counter":"1","show_view_counter":"1","show_featured":"1","show_post_meta":"1","show_post_author":"1","show_post_author_image":"1","show_post_date":"1","post_date_format":"default","post_date_format_custom":"Y\/m\/d","show_post_category":"1","show_post_reading_time":"0","post_reading_time_wpm":"300","show_zoom_button":"0","zoom_button_out_step":"2","zoom_button_in_step":"3","show_post_tag":"1","show_prev_next_post":"1","show_popup_post":"1","number_popup_post":"1","show_author_box":"1","show_post_related":"0","show_inline_post_related":"0"}],"override_image_size":"0","image_override":[{"single_post_thumbnail_size":"crop-500","single_post_gallery_size":"crop-500"}],"trending_post":"0","trending_post_position":"meta","trending_post_label":"Trending","sponsored_post":"0","sponsored_post_label":"Sponsored by","sponsored_post_name":"","sponsored_post_url":"","sponsored_post_logo_enable":"0","sponsored_post_logo":"","sponsored_post_desc":"","disable_ad":"0"},"jnews_primary_category":{"id":""},"footnotes":""},"categories":[43,52],"tags":[150,110,119,118,96],"class_list":["post-84175","post","type-post","status-publish","format-standard","has-post-thumbnail","hentry","category-estado","category-gobierno-de-tlaxcala","tag-gobierno-del-estado","tag-municipios","tag-seguridad","tag-ssc","tag-tlaxcala"],"aioseo_notices":[],"_links":{"self":[{"href":"https:\/\/estado29.mx\/index.php?rest_route=\/wp\/v2\/posts\/84175","targetHints":{"allow":["GET"]}}],"collection":[{"href":"https:\/\/estado29.mx\/index.php?rest_route=\/wp\/v2\/posts"}],"about":[{"href":"https:\/\/estado29.mx\/index.php?rest_route=\/wp\/v2\/types\/post"}],"author":[{"embeddable":true,"href":"https:\/\/estado29.mx\/index.php?rest_route=\/wp\/v2\/users\/4"}],"replies":[{"embeddable":true,"href":"https:\/\/estado29.mx\/index.php?rest_route=%2Fwp%2Fv2%2Fcomments&post=84175"}],"version-history":[{"count":1,"href":"https:\/\/estado29.mx\/index.php?rest_route=\/wp\/v2\/posts\/84175\/revisions"}],"predecessor-version":[{"id":84177,"href":"https:\/\/estado29.mx\/index.php?rest_route=\/wp\/v2\/posts\/84175\/revisions\/84177"}],"wp:featuredmedia":[{"embeddable":true,"href":"https:\/\/estado29.mx\/index.php?rest_route=\/wp\/v2\/media\/84176"}],"wp:attachment":[{"href":"https:\/\/estado29.mx\/index.php?rest_route=%2Fwp%2Fv2%2Fmedia&parent=84175"}],"wp:term":[{"taxonomy":"category","embeddable":true,"href":"https:\/\/estado29.mx\/index.php?rest_route=%2Fwp%2Fv2%2Fcategories&post=84175"},{"taxonomy":"post_tag","embeddable":true,"href":"https:\/\/estado29.mx\/index.php?rest_route=%2Fwp%2Fv2%2Ftags&post=84175"}],"curies":[{"name":"wp","href":"https:\/\/api.w.org\/{rel}","templated":true}]}}