{"id":84181,"date":"2023-01-18T13:27:33","date_gmt":"2023-01-18T13:27:33","guid":{"rendered":"https:\/\/estado29.mx\/?p=84181"},"modified":"2023-01-18T13:27:34","modified_gmt":"2023-01-18T13:27:34","slug":"plantel-05-del-cobat-de-papalotla-insuficiente-para-la-formacion-de-estudiantes","status":"publish","type":"post","link":"https:\/\/estado29.mx\/?p=84181","title":{"rendered":"Plantel 05 del COBAT de Papalotla, insuficiente para la formaci\u00f3n de estudiantes"},"content":{"rendered":"\n<p>*Se convertir\u00e1 en un centro de vinculaci\u00f3n entre estudiantes de la Instituci\u00f3n y empresas<\/p>\n\n\n\n<p>El plantel 05 del Colegio de Bachilleres del Estado de Tlaxcala (Cobat), ubicado en la comunidad de Panzacola, municipio de Papalotla, resulta insuficiente ante el incremento de la matr\u00edcula de 756 alumnos, aunado a la falta de espacios verdes y deportivos para el desarrollo acad\u00e9mico.<\/p>\n\n\n\n<p>Por tal raz\u00f3n, la Direcci\u00f3n General del Cobat adquiri\u00f3 un terreno que cumple con los lineamientos aprobados por el Instituto Tlaxcalteca de Infraestructura F\u00edsica Educativa (ITIFE), mismo que cuenta con una superficie aproximada de 5 mil metros cuadrados.<\/p>\n\n\n\n<p>Su costo es cinco veces menor en comparaci\u00f3n a los predios m\u00e1s cercanos.<\/p>\n\n\n\n<p>Por tal motivo, la Junta Directiva del Cobat tom\u00f3 la decisi\u00f3n de adquirirlo y as\u00ed poder brindar una educaci\u00f3n de calidad a las y los alumnos del plantel 05.<\/p>\n\n\n\n<p>Cabe destacar que el plantel actual no cerrar\u00e1 sus puertas, por el contrario, se convertir\u00e1 en un Centro de Investigaci\u00f3n donde las empresas cercanas tendr\u00e1n contacto directo con los estudiantes.<\/p>\n","protected":false},"excerpt":{"rendered":"<p>*Se convertir\u00e1 en un centro de vinculaci\u00f3n entre estudiantes de la Instituci\u00f3n y empresas El plantel 05 del Colegio de Bachilleres del Estado de Tlaxcala (Cobat), ubicado en la comunidad de Panzacola, municipio de Papalotla, resulta insuficiente ante el incremento de la matr\u00edcula de 756 alumnos, aunado a la falta de espacios verdes y deportivos [&hellip;]<\/p>\n","protected":false},"author":4,"featured_media":84182,"comment_status":"open","ping_status":"open","sticky":false,"template":"","format":"standard","meta":{"om_disable_all_campaigns":false,"_monsterinsights_skip_tracking":false,"_monsterinsights_sitenote_active":false,"_monsterinsights_sitenote_note":"","_monsterinsights_sitenote_category":0,"jnews-multi-image_gallery":[],"jnews_single_post":{"subtitle":"","format":"standard","video":"","gallery":"","source_name":"","source_url":"","via_name":"","via_url":"","override_template":"0","override":[{"template":"1","single_blog_custom":"","parallax":"1","fullscreen":"1","layout":"right-sidebar","sidebar":"default-sidebar","second_sidebar":"default-sidebar","sticky_sidebar":"1","share_position":"top","share_float_style":"share-monocrhome","show_share_counter":"1","show_view_counter":"1","show_featured":"1","show_post_meta":"1","show_post_author":"1","show_post_author_image":"1","show_post_date":"1","post_date_format":"default","post_date_format_custom":"Y\/m\/d","show_post_category":"1","show_post_reading_time":"0","post_reading_time_wpm":"300","show_zoom_button":"0","zoom_button_out_step":"2","zoom_button_in_step":"3","show_post_tag":"1","show_prev_next_post":"1","show_popup_post":"1","number_popup_post":"1","show_author_box":"1","show_post_related":"0","show_inline_post_related":"0"}],"override_image_size":"0","image_override":[{"single_post_thumbnail_size":"crop-500","single_post_gallery_size":"crop-500"}],"trending_post":"0","trending_post_position":"meta","trending_post_label":"Trending","sponsored_post":"0","sponsored_post_label":"Sponsored by","sponsored_post_name":"","sponsored_post_url":"","sponsored_post_logo_enable":"0","sponsored_post_logo":"","sponsored_post_desc":"","disable_ad":"0"},"jnews_primary_category":{"id":""},"footnotes":""},"categories":[80,43,52],"tags":[313,150,110,284,96],"class_list":["post-84181","post","type-post","status-publish","format-standard","has-post-thumbnail","hentry","category-educacion","category-estado","category-gobierno-de-tlaxcala","tag-cobat","tag-gobierno-del-estado","tag-municipios","tag-sepe","tag-tlaxcala"],"aioseo_notices":[],"_links":{"self":[{"href":"https:\/\/estado29.mx\/index.php?rest_route=\/wp\/v2\/posts\/84181","targetHints":{"allow":["GET"]}}],"collection":[{"href":"https:\/\/estado29.mx\/index.php?rest_route=\/wp\/v2\/posts"}],"about":[{"href":"https:\/\/estado29.mx\/index.php?rest_route=\/wp\/v2\/types\/post"}],"author":[{"embeddable":true,"href":"https:\/\/estado29.mx\/index.php?rest_route=\/wp\/v2\/users\/4"}],"replies":[{"embeddable":true,"href":"https:\/\/estado29.mx\/index.php?rest_route=%2Fwp%2Fv2%2Fcomments&post=84181"}],"version-history":[{"count":1,"href":"https:\/\/estado29.mx\/index.php?rest_route=\/wp\/v2\/posts\/84181\/revisions"}],"predecessor-version":[{"id":84183,"href":"https:\/\/estado29.mx\/index.php?rest_route=\/wp\/v2\/posts\/84181\/revisions\/84183"}],"wp:featuredmedia":[{"embeddable":true,"href":"https:\/\/estado29.mx\/index.php?rest_route=\/wp\/v2\/media\/84182"}],"wp:attachment":[{"href":"https:\/\/estado29.mx\/index.php?rest_route=%2Fwp%2Fv2%2Fmedia&parent=84181"}],"wp:term":[{"taxonomy":"category","embeddable":true,"href":"https:\/\/estado29.mx\/index.php?rest_route=%2Fwp%2Fv2%2Fcategories&post=84181"},{"taxonomy":"post_tag","embeddable":true,"href":"https:\/\/estado29.mx\/index.php?rest_route=%2Fwp%2Fv2%2Ftags&post=84181"}],"curies":[{"name":"wp","href":"https:\/\/api.w.org\/{rel}","templated":true}]}}