{"id":84193,"date":"2023-01-18T13:34:49","date_gmt":"2023-01-18T13:34:49","guid":{"rendered":"https:\/\/estado29.mx\/?p=84193"},"modified":"2023-01-18T13:34:50","modified_gmt":"2023-01-18T13:34:50","slug":"otorgara-imss-bienestar-mas-medicos-cubanos-para-atender-a-los-tlaxcaltecas","status":"publish","type":"post","link":"https:\/\/estado29.mx\/?p=84193","title":{"rendered":"Otorgar\u00e1 IMSS\u2013BIENESTAR m\u00e1s m\u00e9dicos cubanos para atender a los tlaxcaltecas"},"content":{"rendered":"\n<p>*Llegar\u00e1n 17 especialistas m\u00e1s para brindar atenci\u00f3n m\u00e9dica a la poblaci\u00f3n sin seguridad social<\/p>\n\n\n\n<p>El estado de Tlaxcala y 11 entidades del pa\u00eds recibir\u00e1n el pr\u00f3ximo 27 de enero de 2023, dentro del Programa de M\u00e9dicos Especialistas Cubanos, m\u00e1s personal especialista que se incluir\u00e1 al sistema de Salud IMSS\u2013Bienestar para brindar atenci\u00f3n m\u00e9dica a la poblaci\u00f3n que no cuenta con seguridad social.<\/p>\n\n\n\n<p>Al presentar un informe sobre el programa, el director general del Instituto Mexicano del Seguro Social (IMSS), Zo\u00e9 Robledo Aburto inform\u00f3 durante la conferencia del presidente de la Rep\u00fablica, Andr\u00e9s Manuel L\u00f3pez Obrador, de este martes 17 de enero, que son un total de 124 m\u00e9dicos cubanos que llegar\u00e1n a M\u00e9xico el 27 de enero de 2023 y que se distribuir\u00e1n en 12 estados, incluida la entidad tlaxcalteca.<\/p>\n\n\n\n<p>Robledo Aburto dijo que ser\u00e1n designados 17 especialistas para Tlaxcala, que se integrar\u00e1n a los 71 m\u00e9dicos que actualmente brindan sus servicios en los diferentes turnos de los 10 hospitales de IMSS\u2013Bienestar del estado. En total ser\u00e1n 88 m\u00e9dicos cubanos contratados por el Gobierno de M\u00e9xico y en beneficio de la entidad tlaxcalteca y a la decisi\u00f3n acertada de la mandataria local, Lorena Cu\u00e9llar Cisneros, de sumarse al IMSS\u2013Bienestar.<\/p>\n\n\n\n<p>Tambi\u00e9n, al estado de Guerrero se destinar\u00e1n 22 especialistas, 18 para Colima, 16 para Michoac\u00e1n, 12 para Morelos, 10 para Oaxaca, nueve para Campeche, seis para Veracruz, cinco para Nayarit, cuatro para Baja California Sur, tres para Zacatecas y dos para Sonora, seg\u00fan expuso Robledo Aburto durante su intervenci\u00f3n de la conferencia del presidente.<\/p>\n\n\n\n<p>El director general del IMSS se\u00f1al\u00f3 que adem\u00e1s se prev\u00e9 la llegada de m\u00e9dicos generales integrales a M\u00e9xico que es un equivalente de medicina familiar en nuestro pa\u00eds.<\/p>\n\n\n\n<p>Tambi\u00e9n, present\u00f3 los resultados de la convocatoria que el IMSS lanz\u00f3 el a\u00f1o pasado y que justamente concluye a las 12:00 horas del 17 de enero de 2023. Hasta el corte de este martes, Robledo Aburto explic\u00f3 que se han recibido 18 mil 483 solicitudes para medicina general, m\u00e9dicos generales y personal de enfermer\u00eda, que se est\u00e1n contratando para los estados de Nayarit, Tlaxcala, Baja California Sur, Sonora y Campeche, con la finalidad de cubrir tambi\u00e9n los turnos laborales en estas entidades que las unidades de primer nivel y que tambi\u00e9n en algunos hospitales no cubr\u00edan los turnos en medicina general, por lo que las contrataciones van a permitir cubrir los turnos para atenci\u00f3n m\u00e9dica a la poblaci\u00f3n.<\/p>\n","protected":false},"excerpt":{"rendered":"<p>*Llegar\u00e1n 17 especialistas m\u00e1s para brindar atenci\u00f3n m\u00e9dica a la poblaci\u00f3n sin seguridad social El estado de Tlaxcala y 11 entidades del pa\u00eds recibir\u00e1n el pr\u00f3ximo 27 de enero de 2023, dentro del Programa de M\u00e9dicos Especialistas Cubanos, m\u00e1s personal especialista que se incluir\u00e1 al sistema de Salud IMSS\u2013Bienestar para brindar atenci\u00f3n m\u00e9dica a la [&hellip;]<\/p>\n","protected":false},"author":4,"featured_media":84194,"comment_status":"open","ping_status":"open","sticky":false,"template":"","format":"standard","meta":{"om_disable_all_campaigns":false,"_monsterinsights_skip_tracking":false,"_monsterinsights_sitenote_active":false,"_monsterinsights_sitenote_note":"","_monsterinsights_sitenote_category":0,"jnews-multi-image_gallery":[],"jnews_single_post":{"subtitle":"","format":"standard","video":"","gallery":"","source_name":"","source_url":"","via_name":"","via_url":"","override_template":"0","override":[{"template":"1","single_blog_custom":"","parallax":"1","fullscreen":"1","layout":"right-sidebar","sidebar":"default-sidebar","second_sidebar":"default-sidebar","sticky_sidebar":"1","share_position":"top","share_float_style":"share-monocrhome","show_share_counter":"1","show_view_counter":"1","show_featured":"1","show_post_meta":"1","show_post_author":"1","show_post_author_image":"1","show_post_date":"1","post_date_format":"default","post_date_format_custom":"Y\/m\/d","show_post_category":"1","show_post_reading_time":"0","post_reading_time_wpm":"300","show_zoom_button":"0","zoom_button_out_step":"2","zoom_button_in_step":"3","show_post_tag":"1","show_prev_next_post":"1","show_popup_post":"1","number_popup_post":"1","show_author_box":"1","show_post_related":"0","show_inline_post_related":"0"}],"override_image_size":"0","image_override":[{"single_post_thumbnail_size":"crop-500","single_post_gallery_size":"crop-500"}],"trending_post":"0","trending_post_position":"meta","trending_post_label":"Trending","sponsored_post":"0","sponsored_post_label":"Sponsored by","sponsored_post_name":"","sponsored_post_url":"","sponsored_post_logo_enable":"0","sponsored_post_logo":"","sponsored_post_desc":"","disable_ad":"0"},"jnews_primary_category":{"id":""},"footnotes":""},"categories":[43,52],"tags":[150,110,96],"class_list":["post-84193","post","type-post","status-publish","format-standard","has-post-thumbnail","hentry","category-estado","category-gobierno-de-tlaxcala","tag-gobierno-del-estado","tag-municipios","tag-tlaxcala"],"aioseo_notices":[],"_links":{"self":[{"href":"https:\/\/estado29.mx\/index.php?rest_route=\/wp\/v2\/posts\/84193","targetHints":{"allow":["GET"]}}],"collection":[{"href":"https:\/\/estado29.mx\/index.php?rest_route=\/wp\/v2\/posts"}],"about":[{"href":"https:\/\/estado29.mx\/index.php?rest_route=\/wp\/v2\/types\/post"}],"author":[{"embeddable":true,"href":"https:\/\/estado29.mx\/index.php?rest_route=\/wp\/v2\/users\/4"}],"replies":[{"embeddable":true,"href":"https:\/\/estado29.mx\/index.php?rest_route=%2Fwp%2Fv2%2Fcomments&post=84193"}],"version-history":[{"count":1,"href":"https:\/\/estado29.mx\/index.php?rest_route=\/wp\/v2\/posts\/84193\/revisions"}],"predecessor-version":[{"id":84195,"href":"https:\/\/estado29.mx\/index.php?rest_route=\/wp\/v2\/posts\/84193\/revisions\/84195"}],"wp:featuredmedia":[{"embeddable":true,"href":"https:\/\/estado29.mx\/index.php?rest_route=\/wp\/v2\/media\/84194"}],"wp:attachment":[{"href":"https:\/\/estado29.mx\/index.php?rest_route=%2Fwp%2Fv2%2Fmedia&parent=84193"}],"wp:term":[{"taxonomy":"category","embeddable":true,"href":"https:\/\/estado29.mx\/index.php?rest_route=%2Fwp%2Fv2%2Fcategories&post=84193"},{"taxonomy":"post_tag","embeddable":true,"href":"https:\/\/estado29.mx\/index.php?rest_route=%2Fwp%2Fv2%2Ftags&post=84193"}],"curies":[{"name":"wp","href":"https:\/\/api.w.org\/{rel}","templated":true}]}}