{"id":84196,"date":"2023-01-18T13:36:39","date_gmt":"2023-01-18T13:36:39","guid":{"rendered":"https:\/\/estado29.mx\/?p=84196"},"modified":"2023-01-18T13:36:40","modified_gmt":"2023-01-18T13:36:40","slug":"entrega-lorena-cuellar-infraestructura-educativa-en-tetlatlahuca","status":"publish","type":"post","link":"https:\/\/estado29.mx\/?p=84196","title":{"rendered":"Entrega Lorena Cu\u00e9llar infraestructura educativa en Tetlatlahuca"},"content":{"rendered":"\n<p>*La gobernadora refrend\u00f3 su compromiso con la ni\u00f1ez tlaxcalteca para que cuenten con espacios dignos y seguros<\/p>\n\n\n\n<p>Con una inversi\u00f3n superior a los 4 millones de pesos, la gobernadora Lorena Cu\u00e9llar Cisneros entreg\u00f3 la primera etapa de la obra de construcci\u00f3n y equipamiento en el inmueble que alberga las primarias \u201cBenito Ju\u00e1rez\u201d y \u201cBenjam\u00edn Gonz\u00e1lez\u201d, en beneficio de 300 alumnos de los turnos matutino y vespertino, en la comunidad de Santa Cruz Aquiahuac, municipio de Tetlatlahuca.<\/p>\n\n\n\n<p>Durante el evento oficial y ante padres de familia, docentes y alumnos, la mandataria estatal se comprometi\u00f3 a realizar 150 aulas de nivel preescolar, a fin de que menores de edad cuenten con espacios dignos y seguros donde recibir sus clases.<\/p>\n\n\n\n<p>Destac\u00f3 que su gobierno contribuir\u00e1 para que los padres de familia ahorren a trav\u00e9s de la implementaci\u00f3n del uniforme \u00fanico y la entrega de lentes gratuitos, acciones que se reforzar\u00e1n en este 2023.<\/p>\n\n\n\n<p>La titular del Ejecutivo invit\u00f3 a los alumnos a cuidar sus planteles educativos y a mantenerlos en condiciones \u00f3ptimas para las futuras generaciones.<\/p>\n\n\n\n<p>En su momento, el director general del Instituto Tlaxcalteca de Infraestructura F\u00edsica Educativa (Itife), Miguel Piedras D\u00edaz precis\u00f3 que se invirtieron para la construcci\u00f3n 3 millones 989 mil pesos, mientras que en equipamiento 315 mil 276 pesos.<\/p>\n\n\n\n<p>\u201cSe trat\u00f3 de una primera etapa que consisti\u00f3 en la obra del edificio B planta baja, tres aulas did\u00e1cticas, escalera, servicio sanitario, adem\u00e1s de una cisterna de 10 metros c\u00fabicos, piso de concreto en patio trasero, andador y pasillo en acceso principal, red el\u00e9ctrica, red hidr\u00e1ulica y red sanitaria\u201d, detall\u00f3.<\/p>\n\n\n\n<p>Agreg\u00f3 que el equipamiento fue para tres aulas did\u00e1cticas, donde se tuvo una inversi\u00f3n de 315 mil 276 pesos. Los recursos, explic\u00f3, fueron aplicados a trav\u00e9s del ramo 33, de los programas de Infraestructura Educativa B\u00e1sica 2022 y del Fondo de Aportaciones M\u00faltiples.<\/p>\n\n\n\n<p>En su mensaje, la directora del plantel, Mireya Aguilar Alvarado agradeci\u00f3 a la gobernadora Lorena Cu\u00e9llar su compromiso con la educaci\u00f3n. \u201cReconocemos su aportaci\u00f3n, el tiempo, dedicaci\u00f3n y disposici\u00f3n en lograr que estas aulas hoy sean una realidad\u201d, subray\u00f3.<\/p>\n\n\n\n<p>En su oportunidad, el presidente municipal de Tetlatlahuca, Juan Pablo Angulo Hern\u00e1ndez expres\u00f3 que se trata de una obra de alto impacto para la comunidad; adem\u00e1s de que su administraci\u00f3n trabaja de la mano con el gobierno estatal para llevar a cabo la Cuarta Transformaci\u00f3n en el estado.<\/p>\n\n\n\n<p>Al final del evento, la gobernadora recorri\u00f3 la obra acompa\u00f1ada de padres de familias, autoridades municipales y locales, donde constat\u00f3 el trabajo de calidad que se llev\u00f3 a cabo, a favor de la educaci\u00f3n de esta comunidad de Tlaxcala.<\/p>\n","protected":false},"excerpt":{"rendered":"<p>*La gobernadora refrend\u00f3 su compromiso con la ni\u00f1ez tlaxcalteca para que cuenten con espacios dignos y seguros Con una inversi\u00f3n superior a los 4 millones de pesos, la gobernadora Lorena Cu\u00e9llar Cisneros entreg\u00f3 la primera etapa de la obra de construcci\u00f3n y equipamiento en el inmueble que alberga las primarias \u201cBenito Ju\u00e1rez\u201d y \u201cBenjam\u00edn Gonz\u00e1lez\u201d, [&hellip;]<\/p>\n","protected":false},"author":4,"featured_media":84197,"comment_status":"open","ping_status":"open","sticky":false,"template":"","format":"standard","meta":{"om_disable_all_campaigns":false,"_monsterinsights_skip_tracking":false,"_monsterinsights_sitenote_active":false,"_monsterinsights_sitenote_note":"","_monsterinsights_sitenote_category":0,"jnews-multi-image_gallery":[],"jnews_single_post":{"subtitle":"","format":"standard","video":"","gallery":"","source_name":"","source_url":"","via_name":"","via_url":"","override_template":"0","override":[{"template":"1","single_blog_custom":"","parallax":"1","fullscreen":"1","layout":"right-sidebar","sidebar":"default-sidebar","second_sidebar":"default-sidebar","sticky_sidebar":"1","share_position":"top","share_float_style":"share-monocrhome","show_share_counter":"1","show_view_counter":"1","show_featured":"1","show_post_meta":"1","show_post_author":"1","show_post_author_image":"1","show_post_date":"1","post_date_format":"default","post_date_format_custom":"Y\/m\/d","show_post_category":"1","show_post_reading_time":"0","post_reading_time_wpm":"300","show_zoom_button":"0","zoom_button_out_step":"2","zoom_button_in_step":"3","show_post_tag":"1","show_prev_next_post":"1","show_popup_post":"1","number_popup_post":"1","show_author_box":"1","show_post_related":"0","show_inline_post_related":"0"}],"override_image_size":"0","image_override":[{"single_post_thumbnail_size":"crop-500","single_post_gallery_size":"crop-500"}],"trending_post":"0","trending_post_position":"meta","trending_post_label":"Trending","sponsored_post":"0","sponsored_post_label":"Sponsored by","sponsored_post_name":"","sponsored_post_url":"","sponsored_post_logo_enable":"0","sponsored_post_logo":"","sponsored_post_desc":"","disable_ad":"0"},"jnews_primary_category":{"id":""},"footnotes":""},"categories":[43,52],"tags":[150,110,96],"class_list":["post-84196","post","type-post","status-publish","format-standard","has-post-thumbnail","hentry","category-estado","category-gobierno-de-tlaxcala","tag-gobierno-del-estado","tag-municipios","tag-tlaxcala"],"aioseo_notices":[],"_links":{"self":[{"href":"https:\/\/estado29.mx\/index.php?rest_route=\/wp\/v2\/posts\/84196","targetHints":{"allow":["GET"]}}],"collection":[{"href":"https:\/\/estado29.mx\/index.php?rest_route=\/wp\/v2\/posts"}],"about":[{"href":"https:\/\/estado29.mx\/index.php?rest_route=\/wp\/v2\/types\/post"}],"author":[{"embeddable":true,"href":"https:\/\/estado29.mx\/index.php?rest_route=\/wp\/v2\/users\/4"}],"replies":[{"embeddable":true,"href":"https:\/\/estado29.mx\/index.php?rest_route=%2Fwp%2Fv2%2Fcomments&post=84196"}],"version-history":[{"count":1,"href":"https:\/\/estado29.mx\/index.php?rest_route=\/wp\/v2\/posts\/84196\/revisions"}],"predecessor-version":[{"id":84198,"href":"https:\/\/estado29.mx\/index.php?rest_route=\/wp\/v2\/posts\/84196\/revisions\/84198"}],"wp:featuredmedia":[{"embeddable":true,"href":"https:\/\/estado29.mx\/index.php?rest_route=\/wp\/v2\/media\/84197"}],"wp:attachment":[{"href":"https:\/\/estado29.mx\/index.php?rest_route=%2Fwp%2Fv2%2Fmedia&parent=84196"}],"wp:term":[{"taxonomy":"category","embeddable":true,"href":"https:\/\/estado29.mx\/index.php?rest_route=%2Fwp%2Fv2%2Fcategories&post=84196"},{"taxonomy":"post_tag","embeddable":true,"href":"https:\/\/estado29.mx\/index.php?rest_route=%2Fwp%2Fv2%2Ftags&post=84196"}],"curies":[{"name":"wp","href":"https:\/\/api.w.org\/{rel}","templated":true}]}}