{"id":84199,"date":"2023-01-18T13:38:43","date_gmt":"2023-01-18T13:38:43","guid":{"rendered":"https:\/\/estado29.mx\/?p=84199"},"modified":"2023-01-18T13:38:43","modified_gmt":"2023-01-18T13:38:43","slug":"gobernadora-entrega-mobiliario-y-mejora-de-infraestructura-en-secundaria-de-chiautempan","status":"publish","type":"post","link":"https:\/\/estado29.mx\/?p=84199","title":{"rendered":"Gobernadora entrega mobiliario y mejora de infraestructura en secundaria de Chiautempan"},"content":{"rendered":"\n<p>*Se benefician 695 alumnos de educaci\u00f3n b\u00e1sica<\/p>\n\n\n\n<p>La titular del Ejecutivo local, Lorena Cu\u00e9llar Cisneros entreg\u00f3 equipo, as\u00ed como mantenimiento preventivo y mejoramiento de la imagen institucional de la Secundaria General \u201cValent\u00edn G\u00f3mez Far\u00edas\u201d del municipio de Chiautempan.<\/p>\n\n\n\n<p>Con una inversi\u00f3n superior a 1.8 millones de pesos, provenientes del Fondo de Aportaciones M\u00faltiples (FAM) en su componente de Infraestructura Educativa B\u00e1sica 2022, la comunidad escolar de 695 alumnos recibi\u00f3 27 computadoras, 32 mesas, 56 sillas y cuatro pizarrones.<\/p>\n\n\n\n<p>Adem\u00e1s, se realizaron trabajos de impermeabilizaci\u00f3n de los edificios A, B, D y E con una superficie total de mil 578.59 metros cuadrados y la aplicaci\u00f3n de pintura de algunos espacios.<\/p>\n\n\n\n<p>Durante la entrega y ante los estudiantes de dicha instituci\u00f3n, Cu\u00e9llar Cisneros resalt\u00f3 su compromiso de llegar a todas las escuelas de la entidad tlaxcalteca. \u201cQuiero decirles a ustedes que estos equipos que se conectan a todo el mundo son una herramienta muy valiosa para su aprendizaje\u201d.<\/p>\n\n\n\n<p>Asegur\u00f3 que ninguna escuela quedar\u00e1 sin el respaldo de su gobierno, \u201cyo conozco todas las escuelas, he pisado todas las escuelas, no hay una escuela que no haya conocido y les puedo asegurar que como gobernadora voy a llegar a todas, a ninguna la vamos a dejar sin atender, sin ayudar\u201d.<\/p>\n\n\n\n<p>Antes, el director general del Instituto Tlaxcalteca de Infraestructura F\u00edsica Educativa (ITIFE), Miguel Piedras D\u00edaz detall\u00f3 que la inversi\u00f3n aplicada tambi\u00e9n contempla la entrega de 18 m\u00e1quinas de coser para el taller de la Industria del Vestido, otorgadas en noviembre de 2022.<\/p>\n\n\n\n<p>\u201cCabe resaltar el compromiso de lograr la calidad educativa en la entidad, no solo a trav\u00e9s de las instalaciones, sino que se realiza con el equipamiento, en este caso del taller de Ofim\u00e1tica, beneficiando al plantel con una inversi\u00f3n total de m\u00e1s de 1.8 millones de pesos para el beneficio directo de 695 alumnos\u201d, explic\u00f3.<\/p>\n\n\n\n<p>En su oportunidad, el director de la instituci\u00f3n, Salom\u00f3n Amador Hern\u00e1ndez agradeci\u00f3 el respaldo de la administraci\u00f3n que encabeza Cu\u00e9llar Cisneros y destac\u00f3 que es fundamental que los alumnos constaten los apoyos que se entregan a las escuelas, \u201choy en esta aula que ocupa Ofim\u00e1tica se aprecia el apoyo decido por parte del gobierno estatal para el plantel y su comunidad educativa\u201d, concluy\u00f3.<\/p>\n\n\n\n<p>Posteriormente, la gobernadora recorri\u00f3 el plantel educativo para constatar los trabajos efectuados.<\/p>\n","protected":false},"excerpt":{"rendered":"<p>*Se benefician 695 alumnos de educaci\u00f3n b\u00e1sica La titular del Ejecutivo local, Lorena Cu\u00e9llar Cisneros entreg\u00f3 equipo, as\u00ed como mantenimiento preventivo y mejoramiento de la imagen institucional de la Secundaria General \u201cValent\u00edn G\u00f3mez Far\u00edas\u201d del municipio de Chiautempan. Con una inversi\u00f3n superior a 1.8 millones de pesos, provenientes del Fondo de Aportaciones M\u00faltiples (FAM) en [&hellip;]<\/p>\n","protected":false},"author":4,"featured_media":84200,"comment_status":"open","ping_status":"open","sticky":false,"template":"","format":"standard","meta":{"om_disable_all_campaigns":false,"_monsterinsights_skip_tracking":false,"_monsterinsights_sitenote_active":false,"_monsterinsights_sitenote_note":"","_monsterinsights_sitenote_category":0,"jnews-multi-image_gallery":[],"jnews_single_post":{"subtitle":"","format":"standard","video":"","gallery":"","source_name":"","source_url":"","via_name":"","via_url":"","override_template":"0","override":[{"template":"1","single_blog_custom":"","parallax":"1","fullscreen":"1","layout":"right-sidebar","sidebar":"default-sidebar","second_sidebar":"default-sidebar","sticky_sidebar":"1","share_position":"top","share_float_style":"share-monocrhome","show_share_counter":"1","show_view_counter":"1","show_featured":"1","show_post_meta":"1","show_post_author":"1","show_post_author_image":"1","show_post_date":"1","post_date_format":"default","post_date_format_custom":"Y\/m\/d","show_post_category":"1","show_post_reading_time":"0","post_reading_time_wpm":"300","show_zoom_button":"0","zoom_button_out_step":"2","zoom_button_in_step":"3","show_post_tag":"1","show_prev_next_post":"1","show_popup_post":"1","number_popup_post":"1","show_author_box":"1","show_post_related":"0","show_inline_post_related":"0"}],"override_image_size":"0","image_override":[{"single_post_thumbnail_size":"crop-500","single_post_gallery_size":"crop-500"}],"trending_post":"0","trending_post_position":"meta","trending_post_label":"Trending","sponsored_post":"0","sponsored_post_label":"Sponsored by","sponsored_post_name":"","sponsored_post_url":"","sponsored_post_logo_enable":"0","sponsored_post_logo":"","sponsored_post_desc":"","disable_ad":"0"},"jnews_primary_category":{"id":""},"footnotes":""},"categories":[43,52],"tags":[150,110,96],"class_list":["post-84199","post","type-post","status-publish","format-standard","has-post-thumbnail","hentry","category-estado","category-gobierno-de-tlaxcala","tag-gobierno-del-estado","tag-municipios","tag-tlaxcala"],"aioseo_notices":[],"_links":{"self":[{"href":"https:\/\/estado29.mx\/index.php?rest_route=\/wp\/v2\/posts\/84199","targetHints":{"allow":["GET"]}}],"collection":[{"href":"https:\/\/estado29.mx\/index.php?rest_route=\/wp\/v2\/posts"}],"about":[{"href":"https:\/\/estado29.mx\/index.php?rest_route=\/wp\/v2\/types\/post"}],"author":[{"embeddable":true,"href":"https:\/\/estado29.mx\/index.php?rest_route=\/wp\/v2\/users\/4"}],"replies":[{"embeddable":true,"href":"https:\/\/estado29.mx\/index.php?rest_route=%2Fwp%2Fv2%2Fcomments&post=84199"}],"version-history":[{"count":1,"href":"https:\/\/estado29.mx\/index.php?rest_route=\/wp\/v2\/posts\/84199\/revisions"}],"predecessor-version":[{"id":84201,"href":"https:\/\/estado29.mx\/index.php?rest_route=\/wp\/v2\/posts\/84199\/revisions\/84201"}],"wp:featuredmedia":[{"embeddable":true,"href":"https:\/\/estado29.mx\/index.php?rest_route=\/wp\/v2\/media\/84200"}],"wp:attachment":[{"href":"https:\/\/estado29.mx\/index.php?rest_route=%2Fwp%2Fv2%2Fmedia&parent=84199"}],"wp:term":[{"taxonomy":"category","embeddable":true,"href":"https:\/\/estado29.mx\/index.php?rest_route=%2Fwp%2Fv2%2Fcategories&post=84199"},{"taxonomy":"post_tag","embeddable":true,"href":"https:\/\/estado29.mx\/index.php?rest_route=%2Fwp%2Fv2%2Ftags&post=84199"}],"curies":[{"name":"wp","href":"https:\/\/api.w.org\/{rel}","templated":true}]}}