{"id":84205,"date":"2023-01-18T13:42:14","date_gmt":"2023-01-18T13:42:14","guid":{"rendered":"https:\/\/estado29.mx\/?p=84205"},"modified":"2023-01-18T13:42:15","modified_gmt":"2023-01-18T13:42:15","slug":"sostuvo-secretario-de-educacion-reuniones-informativas-con-jefes-de-sector-supervisores-y-directores-de-telesecundarias-y-educacion-especial","status":"publish","type":"post","link":"https:\/\/estado29.mx\/?p=84205","title":{"rendered":"Sostuvo secretario de educaci\u00f3n reuniones informativas con jefes de sector, supervisores y directores de telesecundarias y educaci\u00f3n especial"},"content":{"rendered":"\n<p>*Analizaron las acciones a realizar sobre la reestructuraci\u00f3n administrativa que determin\u00f3 la SEP del Gobierno de M\u00e9xico<\/p>\n\n\n\n<p>El titular de la Secretar\u00eda de Educaci\u00f3n P\u00fablica del Estado y director general de la Unidad de Servicios Educativos del Estado de Tlaxcala (SEPE-USET), Homero Meneses Hern\u00e1ndez sostuvo reuniones informativas con jefes de sector, supervisores y directores de Telesecundarias y de Educaci\u00f3n Especial, donde abordaron el tema de reestructuraci\u00f3n administrativa en las oficinas centrales.<\/p>\n\n\n\n<p>Detall\u00f3 que esta acci\u00f3n se deriva del acuerdo n\u00famero 23\/11\/22 por el que se emiten las Reglas para la autorizaci\u00f3n y revisi\u00f3n de las estructuras ocupacionales de las escuelas en las que el Estado y sus organismos descentralizados impartan la educaci\u00f3n b\u00e1sica y media superior, publicado en el Diario Oficial de la Federaci\u00f3n el 8 de diciembre de 2022, por la Secretar\u00eda de Educaci\u00f3n P\u00fablica (SEP) del Gobierno de M\u00e9xico.<\/p>\n\n\n\n<p>Meneses Hern\u00e1ndez asever\u00f3 que estas reuniones tienen como objetivo explicar las reestructuraciones que se llevar\u00e1n a cabo y que no afectar\u00e1n las garant\u00edas laborales, porque todos los trabajadores estatales y federales conservar\u00e1n sus derechos y prestaciones, \u201cestamos buscando la forma de que las escuelas se fortalezcan, que los procesos sean m\u00e1s \u00e1giles, tenemos que eficientar los recursos y llevar a los docentes a las escuelas\u201d.<\/p>\n\n\n\n<p>En tanto, el jefe de Departamento de Unidad Estatal del Sistema para la Carrera de las Maestras y Maestros (Uesicamm), Alejandro Ram\u00edrez Sol\u00eds y el director de Relaciones Laborales, Rafael Ba\u00f1uelos Flores explicaron el objetivo de las estructuras ocupacionales y de la reestructuraci\u00f3n administrativa en oficinas centrales.<\/p>\n\n\n\n<p>En presencia de las autoridades sindicales, jefes de sector, supervisores y directores, acentuaron que la reestructuraci\u00f3n administrativa se efectuar\u00e1 s\u00f3lo en oficinas centrales, donde habr\u00e1 un jefe de departamento por nivel; al mismo tiempo, puntualizaron que las y los docentes estatales y federales conservan sus prestaciones y derechos, adem\u00e1s de que quienes se encuentran adheridos a las secciones 31 y 55 del Sindicato Nacional de Trabajadores de la Educaci\u00f3n (SNTE) y de sindicatos locales no tendr\u00e1n ning\u00fan cambio respeto a sus adhesiones actuales.<\/p>\n\n\n\n<p>En lo que calificaron como un paso acertado en el manejo de recursos, representantes sindicales, jefes de sector, supervisores y directores de ambos niveles, indicaron que es un cambio que beneficiar\u00e1 a la estructura, ya que el recurso se gastar\u00e1 menos en burocracia y m\u00e1s donde realmente se necesita, y subrayaron que es un paso inevitable para sumarse al proyecto educativo de la Nueva Escuela Mexicana (NEM) a favor de alumnas, alumnos y las escuelas.<\/p>\n\n\n\n<p>Finalmente, acordaron dar continuidad a estas mesas de di\u00e1logo para avanzar de manera positiva en esta reestructuraci\u00f3n que permitir\u00e1 contar con mayor personal especializado en las instituciones educativas.<\/p>\n","protected":false},"excerpt":{"rendered":"<p>*Analizaron las acciones a realizar sobre la reestructuraci\u00f3n administrativa que determin\u00f3 la SEP del Gobierno de M\u00e9xico El titular de la Secretar\u00eda de Educaci\u00f3n P\u00fablica del Estado y director general de la Unidad de Servicios Educativos del Estado de Tlaxcala (SEPE-USET), Homero Meneses Hern\u00e1ndez sostuvo reuniones informativas con jefes de sector, supervisores y directores de [&hellip;]<\/p>\n","protected":false},"author":4,"featured_media":84206,"comment_status":"open","ping_status":"open","sticky":false,"template":"","format":"standard","meta":{"om_disable_all_campaigns":false,"_monsterinsights_skip_tracking":false,"_monsterinsights_sitenote_active":false,"_monsterinsights_sitenote_note":"","_monsterinsights_sitenote_category":0,"jnews-multi-image_gallery":[],"jnews_single_post":{"subtitle":"","format":"standard","video":"","gallery":"","source_name":"","source_url":"","via_name":"","via_url":"","override_template":"0","override":[{"template":"1","single_blog_custom":"","parallax":"1","fullscreen":"1","layout":"right-sidebar","sidebar":"default-sidebar","second_sidebar":"default-sidebar","sticky_sidebar":"1","share_position":"top","share_float_style":"share-monocrhome","show_share_counter":"1","show_view_counter":"1","show_featured":"1","show_post_meta":"1","show_post_author":"1","show_post_author_image":"1","show_post_date":"1","post_date_format":"default","post_date_format_custom":"Y\/m\/d","show_post_category":"1","show_post_reading_time":"0","post_reading_time_wpm":"300","show_zoom_button":"0","zoom_button_out_step":"2","zoom_button_in_step":"3","show_post_tag":"1","show_prev_next_post":"1","show_popup_post":"1","number_popup_post":"1","show_author_box":"1","show_post_related":"0","show_inline_post_related":"0"}],"override_image_size":"0","image_override":[{"single_post_thumbnail_size":"crop-500","single_post_gallery_size":"crop-500"}],"trending_post":"0","trending_post_position":"meta","trending_post_label":"Trending","sponsored_post":"0","sponsored_post_label":"Sponsored by","sponsored_post_name":"","sponsored_post_url":"","sponsored_post_logo_enable":"0","sponsored_post_logo":"","sponsored_post_desc":"","disable_ad":"0"},"jnews_primary_category":{"id":""},"footnotes":""},"categories":[80,43,52],"tags":[150,110,284,96],"class_list":["post-84205","post","type-post","status-publish","format-standard","has-post-thumbnail","hentry","category-educacion","category-estado","category-gobierno-de-tlaxcala","tag-gobierno-del-estado","tag-municipios","tag-sepe","tag-tlaxcala"],"aioseo_notices":[],"_links":{"self":[{"href":"https:\/\/estado29.mx\/index.php?rest_route=\/wp\/v2\/posts\/84205","targetHints":{"allow":["GET"]}}],"collection":[{"href":"https:\/\/estado29.mx\/index.php?rest_route=\/wp\/v2\/posts"}],"about":[{"href":"https:\/\/estado29.mx\/index.php?rest_route=\/wp\/v2\/types\/post"}],"author":[{"embeddable":true,"href":"https:\/\/estado29.mx\/index.php?rest_route=\/wp\/v2\/users\/4"}],"replies":[{"embeddable":true,"href":"https:\/\/estado29.mx\/index.php?rest_route=%2Fwp%2Fv2%2Fcomments&post=84205"}],"version-history":[{"count":1,"href":"https:\/\/estado29.mx\/index.php?rest_route=\/wp\/v2\/posts\/84205\/revisions"}],"predecessor-version":[{"id":84207,"href":"https:\/\/estado29.mx\/index.php?rest_route=\/wp\/v2\/posts\/84205\/revisions\/84207"}],"wp:featuredmedia":[{"embeddable":true,"href":"https:\/\/estado29.mx\/index.php?rest_route=\/wp\/v2\/media\/84206"}],"wp:attachment":[{"href":"https:\/\/estado29.mx\/index.php?rest_route=%2Fwp%2Fv2%2Fmedia&parent=84205"}],"wp:term":[{"taxonomy":"category","embeddable":true,"href":"https:\/\/estado29.mx\/index.php?rest_route=%2Fwp%2Fv2%2Fcategories&post=84205"},{"taxonomy":"post_tag","embeddable":true,"href":"https:\/\/estado29.mx\/index.php?rest_route=%2Fwp%2Fv2%2Ftags&post=84205"}],"curies":[{"name":"wp","href":"https:\/\/api.w.org\/{rel}","templated":true}]}}