{"id":84222,"date":"2023-01-19T13:42:57","date_gmt":"2023-01-19T13:42:57","guid":{"rendered":"https:\/\/estado29.mx\/?p=84222"},"modified":"2023-01-19T13:42:58","modified_gmt":"2023-01-19T13:42:58","slug":"reabre-gobierno-de-tlaxcala-casa-de-salud-en-acxotla-del-monte-municipio-de-teolocholco","status":"publish","type":"post","link":"https:\/\/estado29.mx\/?p=84222","title":{"rendered":"Reabre gobierno de Tlaxcala casa de salud en Acxotla del monte, municipio de Teolocholco"},"content":{"rendered":"\n<p>*Se pusieron en marcha los servicios m\u00e9dicos a favor de la poblaci\u00f3n<\/p>\n\n\n\n<p>El gobierno del estado, a trav\u00e9s del Sector Salud y en coordinaci\u00f3n con la comunidad de Acxotla del Monte del municipio de Teolocholco, reabri\u00f3 la Casa de Salud de esta comunidad, despu\u00e9s de a\u00f1o y medio de permanecer cerrada, con la finalidad de otorgar servicios de salud y prevenci\u00f3n de enfermedades.<\/p>\n\n\n\n<p>La presente administraci\u00f3n que encabeza la gobernadora Lorena Cu\u00e9llar Cisneros, ha impulsado la salud como el valor m\u00e1s importante que tiene la poblaci\u00f3n, al realizar acciones para que las personas que no cuentan con seguridad social, accedan a ellas.<\/p>\n\n\n\n<p>Conforme a lo anterior se ofrecer\u00e1n servicios como atenci\u00f3n m\u00e9dica, vacunaci\u00f3n, control de pacientes diab\u00e9ticos, hipertensos, acciones para ni\u00f1o sano, planificaci\u00f3n familiar, prevenci\u00f3n de enfermedades y promoci\u00f3n de la salud.<\/p>\n\n\n\n<p>El secretario de Salud, Rigoberto Zamudio Meneses explic\u00f3 que en el lugar se ofrecer\u00e1n muestras de glucosa para detectar diabetes, problemas de insuficiencia renal, as\u00ed como la detecci\u00f3n a tiempo de enfermedades.<\/p>\n\n\n\n<p>\u201cPara nosotros, trabajar en equipo, gobierno y comunidad, es muy importante. La poblaci\u00f3n nos pregunt\u00f3 por qu\u00e9 no hab\u00eda servicio, mencionar que la responsabilidad de una Casa de Salud es 50 por ciento de la comunidad y la otra mitad es responsabilidad del Sector Salud, nosotros ponemos el m\u00e9dico, insumos, y la comunidad se encarga de la rehabilitaci\u00f3n, la limpieza, para que est\u00e9 en \u00f3ptimas condiciones\u201d, indic\u00f3 Zamudio Meneses.<\/p>\n\n\n\n<p>El presidente de comunidad, Miguel Texis Texis agradeci\u00f3 el apoyo de la gobernadora Lorena Cu\u00e9llar Cisneros, por hacer posible la coordinaci\u00f3n con las autoridades para reinaugurar el inmueble.<\/p>\n","protected":false},"excerpt":{"rendered":"<p>*Se pusieron en marcha los servicios m\u00e9dicos a favor de la poblaci\u00f3n El gobierno del estado, a trav\u00e9s del Sector Salud y en coordinaci\u00f3n con la comunidad de Acxotla del Monte del municipio de Teolocholco, reabri\u00f3 la Casa de Salud de esta comunidad, despu\u00e9s de a\u00f1o y medio de permanecer cerrada, con la finalidad de [&hellip;]<\/p>\n","protected":false},"author":4,"featured_media":84223,"comment_status":"open","ping_status":"open","sticky":false,"template":"","format":"standard","meta":{"om_disable_all_campaigns":false,"_monsterinsights_skip_tracking":false,"_monsterinsights_sitenote_active":false,"_monsterinsights_sitenote_note":"","_monsterinsights_sitenote_category":0,"jnews-multi-image_gallery":[],"jnews_single_post":{"subtitle":"","format":"standard","video":"","gallery":"","source_name":"","source_url":"","via_name":"","via_url":"","override_template":"0","override":[{"template":"1","single_blog_custom":"","parallax":"1","fullscreen":"1","layout":"right-sidebar","sidebar":"default-sidebar","second_sidebar":"default-sidebar","sticky_sidebar":"1","share_position":"top","share_float_style":"share-monocrhome","show_share_counter":"1","show_view_counter":"1","show_featured":"1","show_post_meta":"1","show_post_author":"1","show_post_author_image":"1","show_post_date":"1","post_date_format":"default","post_date_format_custom":"Y\/m\/d","show_post_category":"1","show_post_reading_time":"0","post_reading_time_wpm":"300","show_zoom_button":"0","zoom_button_out_step":"2","zoom_button_in_step":"3","show_post_tag":"1","show_prev_next_post":"1","show_popup_post":"1","number_popup_post":"1","show_author_box":"1","show_post_related":"0","show_inline_post_related":"0"}],"override_image_size":"0","image_override":[{"single_post_thumbnail_size":"crop-500","single_post_gallery_size":"crop-500"}],"trending_post":"0","trending_post_position":"meta","trending_post_label":"Trending","sponsored_post":"0","sponsored_post_label":"Sponsored by","sponsored_post_name":"","sponsored_post_url":"","sponsored_post_logo_enable":"0","sponsored_post_logo":"","sponsored_post_desc":"","disable_ad":"0"},"jnews_primary_category":{"id":""},"footnotes":""},"categories":[43,52],"tags":[150,110,96],"class_list":["post-84222","post","type-post","status-publish","format-standard","has-post-thumbnail","hentry","category-estado","category-gobierno-de-tlaxcala","tag-gobierno-del-estado","tag-municipios","tag-tlaxcala"],"aioseo_notices":[],"_links":{"self":[{"href":"https:\/\/estado29.mx\/index.php?rest_route=\/wp\/v2\/posts\/84222","targetHints":{"allow":["GET"]}}],"collection":[{"href":"https:\/\/estado29.mx\/index.php?rest_route=\/wp\/v2\/posts"}],"about":[{"href":"https:\/\/estado29.mx\/index.php?rest_route=\/wp\/v2\/types\/post"}],"author":[{"embeddable":true,"href":"https:\/\/estado29.mx\/index.php?rest_route=\/wp\/v2\/users\/4"}],"replies":[{"embeddable":true,"href":"https:\/\/estado29.mx\/index.php?rest_route=%2Fwp%2Fv2%2Fcomments&post=84222"}],"version-history":[{"count":1,"href":"https:\/\/estado29.mx\/index.php?rest_route=\/wp\/v2\/posts\/84222\/revisions"}],"predecessor-version":[{"id":84224,"href":"https:\/\/estado29.mx\/index.php?rest_route=\/wp\/v2\/posts\/84222\/revisions\/84224"}],"wp:featuredmedia":[{"embeddable":true,"href":"https:\/\/estado29.mx\/index.php?rest_route=\/wp\/v2\/media\/84223"}],"wp:attachment":[{"href":"https:\/\/estado29.mx\/index.php?rest_route=%2Fwp%2Fv2%2Fmedia&parent=84222"}],"wp:term":[{"taxonomy":"category","embeddable":true,"href":"https:\/\/estado29.mx\/index.php?rest_route=%2Fwp%2Fv2%2Fcategories&post=84222"},{"taxonomy":"post_tag","embeddable":true,"href":"https:\/\/estado29.mx\/index.php?rest_route=%2Fwp%2Fv2%2Ftags&post=84222"}],"curies":[{"name":"wp","href":"https:\/\/api.w.org\/{rel}","templated":true}]}}