{"id":84228,"date":"2023-01-19T13:50:01","date_gmt":"2023-01-19T13:50:01","guid":{"rendered":"https:\/\/estado29.mx\/?p=84228"},"modified":"2023-01-19T13:50:02","modified_gmt":"2023-01-19T13:50:02","slug":"encabeza-lorena-cuellar-entrega-de-certificados-de-desarrollo-sostenible","status":"publish","type":"post","link":"https:\/\/estado29.mx\/?p=84228","title":{"rendered":"Encabeza Lorena Cu\u00e9llar entrega de certificados de desarrollo sostenible"},"content":{"rendered":"\n<p>*Las empresas recibieron el certificado que avala sus operaciones en el cuidado del medio ambiente<\/p>\n\n\n\n<p>La titular del Ejecutivo local, Lorena Cu\u00e9llar Cisneros entreg\u00f3 a entes del \u00e1mbito p\u00fablico y privado, 17 certificados del programa de Auditor\u00eda Ambiental que lleva a cabo la Procuradur\u00eda de Protecci\u00f3n al Ambiente del Estado de Tlaxcala (Propaet),<\/p>\n\n\n\n<p>En el evento que se realiz\u00f3 en el desarrollo inmobiliario &#8220;Val\u2018Quirico&#8221;, Cu\u00e9llar Cisneros reconoci\u00f3 el trabajo y las acciones implementadas por los entes certificados para reforzar las medidas en el cuidado del medio ambiente, y lograr una armon\u00eda entre la producci\u00f3n y el entorno ecol\u00f3gico.<\/p>\n\n\n\n<p>La mandataria estatal hizo un llamado a quienes deseen sumarse a la implementaci\u00f3n de mejores pr\u00e1cticas e innovaciones tecnol\u00f3gicas. \u201cLa invitaci\u00f3n es para que todos colaboremos con las pol\u00edticas estatales que hemos implementado en materia ambiental que es un tema prioritario para el gobierno, por eso creamos y pusimos en marcha la Procuradur\u00eda de Protecci\u00f3n al Ambiente de Tlaxcala, donde avanzamos de forma significativa\u201d, acentu\u00f3.<\/p>\n\n\n\n<p>Remarc\u00f3 que con el trabajo conjunto entre el Congreso local y diversos aliados como empresarios, alcaldes y sociedad civil, se cuida la salud de los tlaxcaltecas, que es un compromiso ineludible de su administraci\u00f3n.<\/p>\n\n\n\n<p>Por su parte, el titular de la Propaet, Iv\u00e1n Garc\u00eda Ju\u00e1rez destac\u00f3 que en el marco del primer aniversario de la dependencia se realiza la entrega de estas certificaciones, cuyo prop\u00f3sito es facilitar a los propietarios de establecimientos, el cumplimiento de la normatividad en materia ambiental.<\/p>\n\n\n\n<p>\u201cA trav\u00e9s de las auditor\u00edas ambientales se verifica, analiza y eval\u00faa el funcionamiento y operaci\u00f3n de los establecimientos, con el fin de establecer medidas correctivas, que permitan controlar, mitigar y abatir los riesgos y contaminaci\u00f3n ambiental en la entidad\u201d, manifest\u00f3.<\/p>\n\n\n\n<p>En su intervenci\u00f3n, la diputada presidenta de la Comisi\u00f3n de Medio Ambiente y Recursos Naturales del Congreso local, Marcela Gonz\u00e1lez Castillo reconoci\u00f3 a la mandataria estatal el impulso y respaldo para mejorar y proteger al entorno natural como nunca antes en la historia de Tlaxcala.<\/p>\n\n\n\n<p>\u201cEstos logros son el resultado de la coordinaci\u00f3n entre los poderes Legislativo y Ejecutivo, que sin duda ha dado frutos; es un honor como legisladora atestiguar que hoy se certifican industrias, empresas, dependencias y diversos organismos\u201d, recalc\u00f3.<\/p>\n\n\n\n<p>Los 17 entes que recibieron su certificado son: el Despacho de la Gobernadora, las secretar\u00edas de Medio Ambiente, de Infraestructura y de Desarrollo Econ\u00f3mico, as\u00ed como los municipios de Xiloxoxtla, Texoloc, Zacualpan, Nanacamilpa y Tlaxco. Adem\u00e1s, el Club Deportivo Jasa, la administradora de Val\u2019Quirico y los aserraderos El Sabino, Andr\u00e9s V\u00e1zquez Gonz\u00e1lez, Edith M\u00e1rquez Gonz\u00e1lez, Esteban Luna Salazar, Pedro Salinas Mu\u00f1oz y Anamar.<\/p>\n","protected":false},"excerpt":{"rendered":"<p>*Las empresas recibieron el certificado que avala sus operaciones en el cuidado del medio ambiente La titular del Ejecutivo local, Lorena Cu\u00e9llar Cisneros entreg\u00f3 a entes del \u00e1mbito p\u00fablico y privado, 17 certificados del programa de Auditor\u00eda Ambiental que lleva a cabo la Procuradur\u00eda de Protecci\u00f3n al Ambiente del Estado de Tlaxcala (Propaet), En el [&hellip;]<\/p>\n","protected":false},"author":4,"featured_media":84229,"comment_status":"open","ping_status":"open","sticky":false,"template":"","format":"standard","meta":{"om_disable_all_campaigns":false,"_monsterinsights_skip_tracking":false,"_monsterinsights_sitenote_active":false,"_monsterinsights_sitenote_note":"","_monsterinsights_sitenote_category":0,"jnews-multi-image_gallery":[],"jnews_single_post":{"subtitle":"","format":"standard","video":"","gallery":"","source_name":"","source_url":"","via_name":"","via_url":"","override_template":"0","override":[{"template":"1","single_blog_custom":"","parallax":"1","fullscreen":"1","layout":"right-sidebar","sidebar":"default-sidebar","second_sidebar":"default-sidebar","sticky_sidebar":"1","share_position":"top","share_float_style":"share-monocrhome","show_share_counter":"1","show_view_counter":"1","show_featured":"1","show_post_meta":"1","show_post_author":"1","show_post_author_image":"1","show_post_date":"1","post_date_format":"default","post_date_format_custom":"Y\/m\/d","show_post_category":"1","show_post_reading_time":"0","post_reading_time_wpm":"300","show_zoom_button":"0","zoom_button_out_step":"2","zoom_button_in_step":"3","show_post_tag":"1","show_prev_next_post":"1","show_popup_post":"1","number_popup_post":"1","show_author_box":"1","show_post_related":"0","show_inline_post_related":"0"}],"override_image_size":"0","image_override":[{"single_post_thumbnail_size":"crop-500","single_post_gallery_size":"crop-500"}],"trending_post":"0","trending_post_position":"meta","trending_post_label":"Trending","sponsored_post":"0","sponsored_post_label":"Sponsored by","sponsored_post_name":"","sponsored_post_url":"","sponsored_post_logo_enable":"0","sponsored_post_logo":"","sponsored_post_desc":"","disable_ad":"0"},"jnews_primary_category":{"id":""},"footnotes":""},"categories":[43,52],"tags":[150,110,96],"class_list":["post-84228","post","type-post","status-publish","format-standard","has-post-thumbnail","hentry","category-estado","category-gobierno-de-tlaxcala","tag-gobierno-del-estado","tag-municipios","tag-tlaxcala"],"aioseo_notices":[],"_links":{"self":[{"href":"https:\/\/estado29.mx\/index.php?rest_route=\/wp\/v2\/posts\/84228","targetHints":{"allow":["GET"]}}],"collection":[{"href":"https:\/\/estado29.mx\/index.php?rest_route=\/wp\/v2\/posts"}],"about":[{"href":"https:\/\/estado29.mx\/index.php?rest_route=\/wp\/v2\/types\/post"}],"author":[{"embeddable":true,"href":"https:\/\/estado29.mx\/index.php?rest_route=\/wp\/v2\/users\/4"}],"replies":[{"embeddable":true,"href":"https:\/\/estado29.mx\/index.php?rest_route=%2Fwp%2Fv2%2Fcomments&post=84228"}],"version-history":[{"count":1,"href":"https:\/\/estado29.mx\/index.php?rest_route=\/wp\/v2\/posts\/84228\/revisions"}],"predecessor-version":[{"id":84230,"href":"https:\/\/estado29.mx\/index.php?rest_route=\/wp\/v2\/posts\/84228\/revisions\/84230"}],"wp:featuredmedia":[{"embeddable":true,"href":"https:\/\/estado29.mx\/index.php?rest_route=\/wp\/v2\/media\/84229"}],"wp:attachment":[{"href":"https:\/\/estado29.mx\/index.php?rest_route=%2Fwp%2Fv2%2Fmedia&parent=84228"}],"wp:term":[{"taxonomy":"category","embeddable":true,"href":"https:\/\/estado29.mx\/index.php?rest_route=%2Fwp%2Fv2%2Fcategories&post=84228"},{"taxonomy":"post_tag","embeddable":true,"href":"https:\/\/estado29.mx\/index.php?rest_route=%2Fwp%2Fv2%2Ftags&post=84228"}],"curies":[{"name":"wp","href":"https:\/\/api.w.org\/{rel}","templated":true}]}}