{"id":84299,"date":"2023-01-24T13:24:18","date_gmt":"2023-01-24T13:24:18","guid":{"rendered":"https:\/\/estado29.mx\/?p=84299"},"modified":"2023-01-24T13:24:19","modified_gmt":"2023-01-24T13:24:19","slug":"inicia-pgje-carpeta-de-investigacion-por-localizacion-de-cuerpo-calcinado-en-nativitas","status":"publish","type":"post","link":"https:\/\/estado29.mx\/?p=84299","title":{"rendered":"Inicia PGJE carpeta de investigaci\u00f3n por localizaci\u00f3n de cuerpo calcinado en Nat\u00edvitas"},"content":{"rendered":"\n<p>*Se determin\u00f3 que la causa de muerte fue por asfixia mec\u00e1nica por estrangulamiento<\/p>\n\n\n\n<p>La Fiscal\u00eda Especializada en Personas Desaparecidas y No Localizadas (Fepdnl) adscrita a la Procuradur\u00eda General de Justicia del Estado (PGJE), inici\u00f3 una carpeta de investigaci\u00f3n derivado de la localizaci\u00f3n de un cuerpo calcinado en el municipio de Nat\u00edvitas.<\/p>\n\n\n\n<p>Elementos policiacos de la Direcci\u00f3n de Seguridad P\u00fablica de la localidad referida, al realizar un recorrido de seguridad y vigilancia, se percataron del cad\u00e1ver de una persona calcinada, por lo que solicitaron el apoyo del Servicio de Emergencias 911.<\/p>\n\n\n\n<p>Ante este hecho, personal del Servicio M\u00e9dico Forense (Semefo), as\u00ed como agentes de la Polic\u00eda de Investigaci\u00f3n y Servicios Periciales de la Procuradur\u00eda, se trasladaron al lugar para realizar el levantamiento del cuerpo y la necropsia de ley.<\/p>\n\n\n\n<p>Despu\u00e9s de ejecutar las pruebas correspondientes por el \u00e1rea de Servicios Periciales de la PGJE, se determin\u00f3 que la causa de muerte fue por asfixia mec\u00e1nica por estrangulamiento.<\/p>\n\n\n\n<p>La Procuradur\u00eda General de Justicia del Estado agotar\u00e1 todas l\u00edneas de investigaci\u00f3n para el esclarecimiento de este suceso y hacer cumplir la ley contra quien o quienes resulten responsables.<\/p>\n","protected":false},"excerpt":{"rendered":"<p>*Se determin\u00f3 que la causa de muerte fue por asfixia mec\u00e1nica por estrangulamiento La Fiscal\u00eda Especializada en Personas Desaparecidas y No Localizadas (Fepdnl) adscrita a la Procuradur\u00eda General de Justicia del Estado (PGJE), inici\u00f3 una carpeta de investigaci\u00f3n derivado de la localizaci\u00f3n de un cuerpo calcinado en el municipio de Nat\u00edvitas. Elementos policiacos de la [&hellip;]<\/p>\n","protected":false},"author":4,"featured_media":84300,"comment_status":"open","ping_status":"open","sticky":false,"template":"","format":"standard","meta":{"om_disable_all_campaigns":false,"_monsterinsights_skip_tracking":false,"_monsterinsights_sitenote_active":false,"_monsterinsights_sitenote_note":"","_monsterinsights_sitenote_category":0,"jnews-multi-image_gallery":[],"jnews_single_post":{"subtitle":"","format":"standard","video":"","gallery":"","source_name":"","source_url":"","via_name":"","via_url":"","override_template":"0","override":[{"template":"1","single_blog_custom":"","parallax":"1","fullscreen":"1","layout":"right-sidebar","sidebar":"default-sidebar","second_sidebar":"default-sidebar","sticky_sidebar":"1","share_position":"top","share_float_style":"share-monocrhome","show_share_counter":"1","show_view_counter":"1","show_featured":"1","show_post_meta":"1","show_post_author":"1","show_post_author_image":"1","show_post_date":"1","post_date_format":"default","post_date_format_custom":"Y\/m\/d","show_post_category":"1","show_post_reading_time":"0","post_reading_time_wpm":"300","show_zoom_button":"0","zoom_button_out_step":"2","zoom_button_in_step":"3","show_post_tag":"1","show_prev_next_post":"1","show_popup_post":"1","number_popup_post":"1","show_author_box":"1","show_post_related":"0","show_inline_post_related":"0"}],"override_image_size":"0","image_override":[{"single_post_thumbnail_size":"crop-500","single_post_gallery_size":"crop-500"}],"trending_post":"0","trending_post_position":"meta","trending_post_label":"Trending","sponsored_post":"0","sponsored_post_label":"Sponsored by","sponsored_post_name":"","sponsored_post_url":"","sponsored_post_logo_enable":"0","sponsored_post_logo":"","sponsored_post_desc":"","disable_ad":"0"},"jnews_primary_category":{"id":""},"footnotes":""},"categories":[43,52],"tags":[150,110,91,96],"class_list":["post-84299","post","type-post","status-publish","format-standard","has-post-thumbnail","hentry","category-estado","category-gobierno-de-tlaxcala","tag-gobierno-del-estado","tag-municipios","tag-pgje","tag-tlaxcala"],"aioseo_notices":[],"_links":{"self":[{"href":"https:\/\/estado29.mx\/index.php?rest_route=\/wp\/v2\/posts\/84299","targetHints":{"allow":["GET"]}}],"collection":[{"href":"https:\/\/estado29.mx\/index.php?rest_route=\/wp\/v2\/posts"}],"about":[{"href":"https:\/\/estado29.mx\/index.php?rest_route=\/wp\/v2\/types\/post"}],"author":[{"embeddable":true,"href":"https:\/\/estado29.mx\/index.php?rest_route=\/wp\/v2\/users\/4"}],"replies":[{"embeddable":true,"href":"https:\/\/estado29.mx\/index.php?rest_route=%2Fwp%2Fv2%2Fcomments&post=84299"}],"version-history":[{"count":1,"href":"https:\/\/estado29.mx\/index.php?rest_route=\/wp\/v2\/posts\/84299\/revisions"}],"predecessor-version":[{"id":84301,"href":"https:\/\/estado29.mx\/index.php?rest_route=\/wp\/v2\/posts\/84299\/revisions\/84301"}],"wp:featuredmedia":[{"embeddable":true,"href":"https:\/\/estado29.mx\/index.php?rest_route=\/wp\/v2\/media\/84300"}],"wp:attachment":[{"href":"https:\/\/estado29.mx\/index.php?rest_route=%2Fwp%2Fv2%2Fmedia&parent=84299"}],"wp:term":[{"taxonomy":"category","embeddable":true,"href":"https:\/\/estado29.mx\/index.php?rest_route=%2Fwp%2Fv2%2Fcategories&post=84299"},{"taxonomy":"post_tag","embeddable":true,"href":"https:\/\/estado29.mx\/index.php?rest_route=%2Fwp%2Fv2%2Ftags&post=84299"}],"curies":[{"name":"wp","href":"https:\/\/api.w.org\/{rel}","templated":true}]}}