{"id":84302,"date":"2023-01-24T13:25:34","date_gmt":"2023-01-24T13:25:34","guid":{"rendered":"https:\/\/estado29.mx\/?p=84302"},"modified":"2023-01-24T13:25:35","modified_gmt":"2023-01-24T13:25:35","slug":"emite-congreso-convocatoria-para-entregar-presea-al-arte-maestro-desiderio-hernandez-xochitiotzin-2023","status":"publish","type":"post","link":"https:\/\/estado29.mx\/?p=84302","title":{"rendered":"Emite Congreso convocatoria para entregar \u201cPresea al Arte Maestro Desiderio Hern\u00e1ndez Xochitiotzin 2023\u201d."},"content":{"rendered":"\n<p>La Comisi\u00f3n de Educaci\u00f3n, Cultura, Ciencia y Tecnolog\u00eda de la LXIV Legislatura, que preside la Diputada Laura Alejandra Ram\u00edrez Ortiz, emiti\u00f3 la convocatoria para quienes, por su actividad y trayectoria en el Arte del Estado, sean candidatos a merecer la \u201cPresea al Arte Maestro Desiderio Hern\u00e1ndez Xochitiotzin 2023\u201d.<\/p>\n\n\n\n<p>Esta presea, se entrega con la finalidad de reconocer la actividad y trayectoria, de las personas dedicadas al arte af\u00edn a la obra del reconocido muralista tlaxcalteca, Desiderio Hern\u00e1ndez Xochitiotzin.<\/p>\n\n\n\n<p>Las y los interesados, deber\u00e1n presentar su solicitud en la Comisi\u00f3n de Educaci\u00f3n, del Congreso del Estado, de manera personal, o ser propuestos por alguna instituci\u00f3n p\u00fablica, privada u organizaci\u00f3n civil, cuyo objetivo sea la ense\u00f1anza o el fomento de las Artes.<\/p>\n\n\n\n<p>Cabe recalcar que, para otorgar la Presea, se celebrar\u00e1 el concurso \u201cTrazos de mi tierra Tlaxcala 2023\u201d, en el que las y los candidatos presentar\u00e1n una obra pict\u00f3rica de su autor\u00eda, in\u00e9dita, bajo la tem\u00e1tica del concurso o relacionada a la obra del Maestro Desiderio Hern\u00e1ndez Xochitiotzin, en un formato de 60 por 80 cent\u00edmetros, en \u00f3leo sobre tela y\/o bajo el uso de t\u00e9cnicas mixtas.<\/p>\n\n\n\n<p>Cada obra, deber\u00e1 presentarse en la oficina de la Comisi\u00f3n de Educaci\u00f3n, Cultura, Ciencia y Tecnolog\u00eda, con una ficha t\u00e9cnica, firmada con un seud\u00f3nimo y ficha descriptiva, mientras que las y los interesados deber\u00e1n remitir su solicitud de registro, acreditar ser originarios o radicar por lo menos dos a\u00f1os en el territorio tlaxcalteca, curriculum vitae y presentar su obra con una breve descripci\u00f3n.<\/p>\n\n\n\n<p>Las inscripciones se encuentran abiertas desde la emisi\u00f3n de la convocatoria, en un horario de 09:00 a 18:00 horas, de lunes a viernes, hasta las 16:00 horas del d\u00eda 7 de febrero de 2023.<\/p>\n\n\n\n<p>El acreedor o acreedora de esta presea, ser\u00e1 galardonado a trav\u00e9s de una Sesi\u00f3n P\u00fablica Solemne, el d\u00eda 11 de febrero de 2023, en el Pleno del Palacio Legislativo.<\/p>\n","protected":false},"excerpt":{"rendered":"<p>La Comisi\u00f3n de Educaci\u00f3n, Cultura, Ciencia y Tecnolog\u00eda de la LXIV Legislatura, que preside la Diputada Laura Alejandra Ram\u00edrez Ortiz, emiti\u00f3 la convocatoria para quienes, por su actividad y trayectoria en el Arte del Estado, sean candidatos a merecer la \u201cPresea al Arte Maestro Desiderio Hern\u00e1ndez Xochitiotzin 2023\u201d. Esta presea, se entrega con la finalidad [&hellip;]<\/p>\n","protected":false},"author":4,"featured_media":84303,"comment_status":"open","ping_status":"open","sticky":false,"template":"","format":"standard","meta":{"om_disable_all_campaigns":false,"_monsterinsights_skip_tracking":false,"_monsterinsights_sitenote_active":false,"_monsterinsights_sitenote_note":"","_monsterinsights_sitenote_category":0,"jnews-multi-image_gallery":[],"jnews_single_post":{"subtitle":"","format":"standard","video":"","gallery":"","source_name":"","source_url":"","via_name":"","via_url":"","override_template":"0","override":[{"template":"1","single_blog_custom":"","parallax":"1","fullscreen":"1","layout":"right-sidebar","sidebar":"default-sidebar","second_sidebar":"default-sidebar","sticky_sidebar":"1","share_position":"top","share_float_style":"share-monocrhome","show_share_counter":"1","show_view_counter":"1","show_featured":"1","show_post_meta":"1","show_post_author":"1","show_post_author_image":"1","show_post_date":"1","post_date_format":"default","post_date_format_custom":"Y\/m\/d","show_post_category":"1","show_post_reading_time":"0","post_reading_time_wpm":"300","show_zoom_button":"0","zoom_button_out_step":"2","zoom_button_in_step":"3","show_post_tag":"1","show_prev_next_post":"1","show_popup_post":"1","number_popup_post":"1","show_author_box":"1","show_post_related":"0","show_inline_post_related":"0"}],"override_image_size":"0","image_override":[{"single_post_thumbnail_size":"crop-500","single_post_gallery_size":"crop-500"}],"trending_post":"0","trending_post_position":"meta","trending_post_label":"Trending","sponsored_post":"0","sponsored_post_label":"Sponsored by","sponsored_post_name":"","sponsored_post_url":"","sponsored_post_logo_enable":"0","sponsored_post_logo":"","sponsored_post_desc":"","disable_ad":"0"},"jnews_primary_category":{"id":""},"footnotes":""},"categories":[53,43],"tags":[180],"class_list":["post-84302","post","type-post","status-publish","format-standard","has-post-thumbnail","hentry","category-congreso","category-estado","tag-congreso-del-estado"],"aioseo_notices":[],"_links":{"self":[{"href":"https:\/\/estado29.mx\/index.php?rest_route=\/wp\/v2\/posts\/84302","targetHints":{"allow":["GET"]}}],"collection":[{"href":"https:\/\/estado29.mx\/index.php?rest_route=\/wp\/v2\/posts"}],"about":[{"href":"https:\/\/estado29.mx\/index.php?rest_route=\/wp\/v2\/types\/post"}],"author":[{"embeddable":true,"href":"https:\/\/estado29.mx\/index.php?rest_route=\/wp\/v2\/users\/4"}],"replies":[{"embeddable":true,"href":"https:\/\/estado29.mx\/index.php?rest_route=%2Fwp%2Fv2%2Fcomments&post=84302"}],"version-history":[{"count":1,"href":"https:\/\/estado29.mx\/index.php?rest_route=\/wp\/v2\/posts\/84302\/revisions"}],"predecessor-version":[{"id":84304,"href":"https:\/\/estado29.mx\/index.php?rest_route=\/wp\/v2\/posts\/84302\/revisions\/84304"}],"wp:featuredmedia":[{"embeddable":true,"href":"https:\/\/estado29.mx\/index.php?rest_route=\/wp\/v2\/media\/84303"}],"wp:attachment":[{"href":"https:\/\/estado29.mx\/index.php?rest_route=%2Fwp%2Fv2%2Fmedia&parent=84302"}],"wp:term":[{"taxonomy":"category","embeddable":true,"href":"https:\/\/estado29.mx\/index.php?rest_route=%2Fwp%2Fv2%2Fcategories&post=84302"},{"taxonomy":"post_tag","embeddable":true,"href":"https:\/\/estado29.mx\/index.php?rest_route=%2Fwp%2Fv2%2Ftags&post=84302"}],"curies":[{"name":"wp","href":"https:\/\/api.w.org\/{rel}","templated":true}]}}