{"id":84305,"date":"2023-01-24T13:27:16","date_gmt":"2023-01-24T13:27:16","guid":{"rendered":"https:\/\/estado29.mx\/?p=84305"},"modified":"2023-01-24T13:27:16","modified_gmt":"2023-01-24T13:27:16","slug":"refugio-temporal-de-ixtacuixtla-es-adecuado-para-personas-en-situacion-migratoria-cepc","status":"publish","type":"post","link":"https:\/\/estado29.mx\/?p=84305","title":{"rendered":"Refugio temporal de Ixtacuixtla es adecuado para personas en situaci\u00f3n migratoria: CEPC"},"content":{"rendered":"\n<p>*Tambi\u00e9n los que encuentran en todo el estado<\/p>\n\n\n\n<p>Ante la localizaci\u00f3n y rescate de 233 personas extranjeras que fueron trasladadas al refugio temporal del municipio de Ixtacuixtla, el gobierno del estado, a trav\u00e9s de la Coordinaci\u00f3n Estatal de Protecci\u00f3n Civil (CEPC), inform\u00f3, que dicho refugio se encuentra habilitado y adecuado para que las personas pernocten hasta que la autoridad pertinente defina su situaci\u00f3n migratoria.<\/p>\n\n\n\n<p>Desde el s\u00e1bado pasado, el Instituto Nacional de Migraci\u00f3n (INM), delegaci\u00f3n Tlaxcala, en coordinaci\u00f3n con la Secretar\u00eda de Seguridad Ciudadana (SSC), la Guardia Nacional (GN) y la Secretar\u00eda de la Defensa Nacional (Sedena), determin\u00f3 trasladar a las 233 personas al refugio temporal, donde se realiz\u00f3 un registro y se verific\u00f3 el estado de salud de cada una de las personas.<\/p>\n\n\n\n<p>Personal de la CEPC realiz\u00f3 la verificaci\u00f3n del refugio, a fin de comprobar que las instalaciones de salidas de emergencia, luz, gas, ventilaci\u00f3n y servicios sanitarios fueran las adecuadas. Con lo anterior, se constat\u00f3 que el centro de captaci\u00f3n se encuentra habilitado y funcionando al 100 por ciento.<\/p>\n\n\n\n<p>En ese sentido, la CEPC indic\u00f3 que adem\u00e1s de este inmueble, los refugios temporales que hay en la entidad se encuentran habilitados para el resguardo de los ciudadanos que as\u00ed lo requieran.<\/p>\n\n\n\n<p>Los refugios se encuentran en las instalaciones del DIF municipal de Apetatitl\u00e1n, el albergue del DIF en Tlaxcala capital, el sal\u00f3n de usos m\u00faltiples de la presidencia de Acuamanala, las instalaciones de la Casa de Piedra en San Pablo del Monte, as\u00ed como en los auditorios municipales de Contla, Chiautempan, Tepeyanco, Santa Isabel Xiloxoxtla, La Magdalena Tlaltelulco, Tetlanohcan, Teolocholco, Mazatecochco, Papalotla y Tenancingo.<\/p>\n\n\n\n<p>Los refugios se encuentran preparados desde el inicio de la temporada invernal y seguir\u00e1n as\u00ed para la siguiente temporada de lluvias, adem\u00e1s que son permanentes ante una contingencia para el Plan Popocat\u00e9petl y en caso de ameritarlo se aplicar\u00e1 el Plan DN-III, otorgando refugio a las familias de la entidad.<\/p>\n\n\n\n<p>Asimismo, se recuerda a la ciudadan\u00eda que la CEPC y la Red Municipal trabajan los 365 d\u00edas del a\u00f1o para atender emergencias y salvaguardar la integridad de las personas; en caso de necesitar alg\u00fan refugio temporal, deber\u00e1n acudir de inmediato a la presidencia municipal de su demarcaci\u00f3n para su atenci\u00f3n y de tener una emergencia llamar al 911.<\/p>\n","protected":false},"excerpt":{"rendered":"<p>*Tambi\u00e9n los que encuentran en todo el estado Ante la localizaci\u00f3n y rescate de 233 personas extranjeras que fueron trasladadas al refugio temporal del municipio de Ixtacuixtla, el gobierno del estado, a trav\u00e9s de la Coordinaci\u00f3n Estatal de Protecci\u00f3n Civil (CEPC), inform\u00f3, que dicho refugio se encuentra habilitado y adecuado para que las personas pernocten [&hellip;]<\/p>\n","protected":false},"author":4,"featured_media":84306,"comment_status":"open","ping_status":"open","sticky":false,"template":"","format":"standard","meta":{"om_disable_all_campaigns":false,"_monsterinsights_skip_tracking":false,"_monsterinsights_sitenote_active":false,"_monsterinsights_sitenote_note":"","_monsterinsights_sitenote_category":0,"jnews-multi-image_gallery":[],"jnews_single_post":{"subtitle":"","format":"standard","video":"","gallery":"","source_name":"","source_url":"","via_name":"","via_url":"","override_template":"0","override":[{"template":"1","single_blog_custom":"","parallax":"1","fullscreen":"1","layout":"right-sidebar","sidebar":"default-sidebar","second_sidebar":"default-sidebar","sticky_sidebar":"1","share_position":"top","share_float_style":"share-monocrhome","show_share_counter":"1","show_view_counter":"1","show_featured":"1","show_post_meta":"1","show_post_author":"1","show_post_author_image":"1","show_post_date":"1","post_date_format":"default","post_date_format_custom":"Y\/m\/d","show_post_category":"1","show_post_reading_time":"0","post_reading_time_wpm":"300","show_zoom_button":"0","zoom_button_out_step":"2","zoom_button_in_step":"3","show_post_tag":"1","show_prev_next_post":"1","show_popup_post":"1","number_popup_post":"1","show_author_box":"1","show_post_related":"0","show_inline_post_related":"0"}],"override_image_size":"0","image_override":[{"single_post_thumbnail_size":"crop-500","single_post_gallery_size":"crop-500"}],"trending_post":"0","trending_post_position":"meta","trending_post_label":"Trending","sponsored_post":"0","sponsored_post_label":"Sponsored by","sponsored_post_name":"","sponsored_post_url":"","sponsored_post_logo_enable":"0","sponsored_post_logo":"","sponsored_post_desc":"","disable_ad":"0"},"jnews_primary_category":{"id":""},"footnotes":""},"categories":[43,52],"tags":[150,96],"class_list":["post-84305","post","type-post","status-publish","format-standard","has-post-thumbnail","hentry","category-estado","category-gobierno-de-tlaxcala","tag-gobierno-del-estado","tag-tlaxcala"],"aioseo_notices":[],"_links":{"self":[{"href":"https:\/\/estado29.mx\/index.php?rest_route=\/wp\/v2\/posts\/84305","targetHints":{"allow":["GET"]}}],"collection":[{"href":"https:\/\/estado29.mx\/index.php?rest_route=\/wp\/v2\/posts"}],"about":[{"href":"https:\/\/estado29.mx\/index.php?rest_route=\/wp\/v2\/types\/post"}],"author":[{"embeddable":true,"href":"https:\/\/estado29.mx\/index.php?rest_route=\/wp\/v2\/users\/4"}],"replies":[{"embeddable":true,"href":"https:\/\/estado29.mx\/index.php?rest_route=%2Fwp%2Fv2%2Fcomments&post=84305"}],"version-history":[{"count":1,"href":"https:\/\/estado29.mx\/index.php?rest_route=\/wp\/v2\/posts\/84305\/revisions"}],"predecessor-version":[{"id":84307,"href":"https:\/\/estado29.mx\/index.php?rest_route=\/wp\/v2\/posts\/84305\/revisions\/84307"}],"wp:featuredmedia":[{"embeddable":true,"href":"https:\/\/estado29.mx\/index.php?rest_route=\/wp\/v2\/media\/84306"}],"wp:attachment":[{"href":"https:\/\/estado29.mx\/index.php?rest_route=%2Fwp%2Fv2%2Fmedia&parent=84305"}],"wp:term":[{"taxonomy":"category","embeddable":true,"href":"https:\/\/estado29.mx\/index.php?rest_route=%2Fwp%2Fv2%2Fcategories&post=84305"},{"taxonomy":"post_tag","embeddable":true,"href":"https:\/\/estado29.mx\/index.php?rest_route=%2Fwp%2Fv2%2Ftags&post=84305"}],"curies":[{"name":"wp","href":"https:\/\/api.w.org\/{rel}","templated":true}]}}