{"id":84311,"date":"2023-01-24T13:31:20","date_gmt":"2023-01-24T13:31:20","guid":{"rendered":"https:\/\/estado29.mx\/?p=84311"},"modified":"2023-01-24T13:31:21","modified_gmt":"2023-01-24T13:31:21","slug":"garantiza-gobierno-del-estado-atencion-medica-y-medicamentos-a-trabajadores","status":"publish","type":"post","link":"https:\/\/estado29.mx\/?p=84311","title":{"rendered":"Garantiza gobierno del estado atenci\u00f3n m\u00e9dica y medicamentos a trabajadores"},"content":{"rendered":"\n<p>*Analizan proyecto integral para mejorar los servicios de atenci\u00f3n a la salud; que presentar\u00e1<\/p>\n\n\n\n<p>En un marco de respeto y cordialidad, este d\u00eda la gobernadora del estado, Lorena Cu\u00e9llar Cisneros, recibi\u00f3 al secretario general de la Secci\u00f3n 55 del Sindicato Nacional de Trabajadores de la Educaci\u00f3n (SNTE), Jorge Guevara Lozada y a Mario Armando Valdez Herrera, representante del Comit\u00e9 Ejecutivo Nacional (CEN), para atender sus peticiones.<\/p>\n\n\n\n<p>Al t\u00e9rmino de su primera reuni\u00f3n de gabinete, efectuada en el sal\u00f3n Joaqu\u00edn Cisneros, la mandataria local dio a conocer que respecto a la solicitud del abasto de medicamentos y servicios m\u00e9dicos, se presentar\u00e1 esta semana un proyecto integral para la atenci\u00f3n de todos los agremiados de esta secci\u00f3n.<\/p>\n\n\n\n<p>En la reuni\u00f3n, acompa\u00f1aron a la titular del Poder Ejecutivo local, el Oficial Mayor de Gobierno (OMG), Ramiro Vivanco Chedraui y la directora de Pensiones Civiles del Estado de Tlaxcala (PCET), Radahid Hern\u00e1ndez L\u00f3pez.<\/p>\n\n\n\n<p>Cu\u00e9llar Cisneros precis\u00f3 que la entrega de medicamentos y el servicio m\u00e9dico est\u00e1n garantizados durante este tiempo, en tanto, se analiza el nuevo sistema de atenci\u00f3n m\u00e9dica que beneficiar\u00e1 a los trabajadores del estado.<\/p>\n\n\n\n<p>Por lo anterior, instruy\u00f3 a Pensiones Civiles del Estado de Tlaxcala (PCET), revisar la adecuada atenci\u00f3n y suministro de recetas m\u00e9dicas para los trabajadores del estado.<\/p>\n\n\n\n<p>El gobierno local, reitera el compromiso de cumplir con la clase trabajadora, considerando, como una premisa, el cuidado a la salud.<\/p>\n","protected":false},"excerpt":{"rendered":"<p>*Analizan proyecto integral para mejorar los servicios de atenci\u00f3n a la salud; que presentar\u00e1 En un marco de respeto y cordialidad, este d\u00eda la gobernadora del estado, Lorena Cu\u00e9llar Cisneros, recibi\u00f3 al secretario general de la Secci\u00f3n 55 del Sindicato Nacional de Trabajadores de la Educaci\u00f3n (SNTE), Jorge Guevara Lozada y a Mario Armando Valdez [&hellip;]<\/p>\n","protected":false},"author":4,"featured_media":84312,"comment_status":"open","ping_status":"open","sticky":false,"template":"","format":"standard","meta":{"om_disable_all_campaigns":false,"_monsterinsights_skip_tracking":false,"_monsterinsights_sitenote_active":false,"_monsterinsights_sitenote_note":"","_monsterinsights_sitenote_category":0,"jnews-multi-image_gallery":[],"jnews_single_post":{"subtitle":"","format":"standard","video":"","gallery":"","source_name":"","source_url":"","via_name":"","via_url":"","override_template":"0","override":[{"template":"1","single_blog_custom":"","parallax":"1","fullscreen":"1","layout":"right-sidebar","sidebar":"default-sidebar","second_sidebar":"default-sidebar","sticky_sidebar":"1","share_position":"top","share_float_style":"share-monocrhome","show_share_counter":"1","show_view_counter":"1","show_featured":"1","show_post_meta":"1","show_post_author":"1","show_post_author_image":"1","show_post_date":"1","post_date_format":"default","post_date_format_custom":"Y\/m\/d","show_post_category":"1","show_post_reading_time":"0","post_reading_time_wpm":"300","show_zoom_button":"0","zoom_button_out_step":"2","zoom_button_in_step":"3","show_post_tag":"1","show_prev_next_post":"1","show_popup_post":"1","number_popup_post":"1","show_author_box":"1","show_post_related":"0","show_inline_post_related":"0"}],"override_image_size":"0","image_override":[{"single_post_thumbnail_size":"crop-500","single_post_gallery_size":"crop-500"}],"trending_post":"0","trending_post_position":"meta","trending_post_label":"Trending","sponsored_post":"0","sponsored_post_label":"Sponsored by","sponsored_post_name":"","sponsored_post_url":"","sponsored_post_logo_enable":"0","sponsored_post_logo":"","sponsored_post_desc":"","disable_ad":"0"},"jnews_primary_category":{"id":""},"footnotes":""},"categories":[43,52],"tags":[150,110,96],"class_list":["post-84311","post","type-post","status-publish","format-standard","has-post-thumbnail","hentry","category-estado","category-gobierno-de-tlaxcala","tag-gobierno-del-estado","tag-municipios","tag-tlaxcala"],"aioseo_notices":[],"_links":{"self":[{"href":"https:\/\/estado29.mx\/index.php?rest_route=\/wp\/v2\/posts\/84311","targetHints":{"allow":["GET"]}}],"collection":[{"href":"https:\/\/estado29.mx\/index.php?rest_route=\/wp\/v2\/posts"}],"about":[{"href":"https:\/\/estado29.mx\/index.php?rest_route=\/wp\/v2\/types\/post"}],"author":[{"embeddable":true,"href":"https:\/\/estado29.mx\/index.php?rest_route=\/wp\/v2\/users\/4"}],"replies":[{"embeddable":true,"href":"https:\/\/estado29.mx\/index.php?rest_route=%2Fwp%2Fv2%2Fcomments&post=84311"}],"version-history":[{"count":1,"href":"https:\/\/estado29.mx\/index.php?rest_route=\/wp\/v2\/posts\/84311\/revisions"}],"predecessor-version":[{"id":84313,"href":"https:\/\/estado29.mx\/index.php?rest_route=\/wp\/v2\/posts\/84311\/revisions\/84313"}],"wp:featuredmedia":[{"embeddable":true,"href":"https:\/\/estado29.mx\/index.php?rest_route=\/wp\/v2\/media\/84312"}],"wp:attachment":[{"href":"https:\/\/estado29.mx\/index.php?rest_route=%2Fwp%2Fv2%2Fmedia&parent=84311"}],"wp:term":[{"taxonomy":"category","embeddable":true,"href":"https:\/\/estado29.mx\/index.php?rest_route=%2Fwp%2Fv2%2Fcategories&post=84311"},{"taxonomy":"post_tag","embeddable":true,"href":"https:\/\/estado29.mx\/index.php?rest_route=%2Fwp%2Fv2%2Ftags&post=84311"}],"curies":[{"name":"wp","href":"https:\/\/api.w.org\/{rel}","templated":true}]}}