{"id":84359,"date":"2023-01-25T13:38:12","date_gmt":"2023-01-25T13:38:12","guid":{"rendered":"https:\/\/estado29.mx\/?p=84359"},"modified":"2023-01-25T13:38:13","modified_gmt":"2023-01-25T13:38:13","slug":"entrega-gobernadora-edificio-y-equipamiento-en-la-secundaria-tecnica-26-de-huamantla","status":"publish","type":"post","link":"https:\/\/estado29.mx\/?p=84359","title":{"rendered":"Entrega gobernadora edificio y equipamiento en la secundaria t\u00e9cnica 26 de Huamantla"},"content":{"rendered":"\n<p>*Brindar\u00e1 a los j\u00f3venes de la regi\u00f3n mayores oportunidades de desarrollo<\/p>\n\n\n\n<p>Con una inversi\u00f3n superior a los 3 millones de pesos y en beneficio de 804 estudiantes, la gobernadora de Tlaxcala, Lorena Cu\u00e9llar Cisneros, inaugur\u00f3 el edificio que albergar\u00e1 el taller de Industria del Vestido y entreg\u00f3 equipamiento para el mismo en la Secundaria T\u00e9cnica n\u00famero 26 \u201cIgnacio Zaragoza\u201d del municipio de Huamantla.<\/p>\n\n\n\n<p>En las instalaciones del plantel, donde se dieron cita alumnos y profesores de la instituci\u00f3n, Cu\u00e9llar Cisneros expres\u00f3 que la construcci\u00f3n de este edificio permitir\u00e1 generar mayores espacios para que los j\u00f3venes contin\u00faen con su formaci\u00f3n acad\u00e9mica, al tiempo que brindar\u00e1 a los estudiantes de la regi\u00f3n oportunidades de desarrollo.<\/p>\n\n\n\n<p>\u201cCon esta obra, las alumnas y alumnos podr\u00e1n asistir al taller de Industria del Vestido por las ma\u00f1anas, ser\u00e1 m\u00e1s seguro para ellos; los exhorto a que cuiden el equipo para que las generaciones futuras tambi\u00e9n se beneficien de su uso\u201d, indic\u00f3.<\/p>\n\n\n\n<p>Acompa\u00f1ada del director de Planeaci\u00f3n Educativa, Omar Cuatianquiz \u00c1guila, quien asisti\u00f3 en representaci\u00f3n del titular de la Secretar\u00eda de Educaci\u00f3n P\u00fablica del Estado (SEPE) y de la Unidad de Servicios Educativos de Tlaxcala (USET), Homero Meneses Hern\u00e1ndez, la mandataria estatal consider\u00f3 que uno de los retos m\u00e1s importantes de su administraci\u00f3n es ofrecer alternativas de estudio y superaci\u00f3n a las nuevas generaciones.<\/p>\n\n\n\n<p>En su mensaje, el director del Instituto Tlaxcalteca de Infraestructura F\u00edsica Educativa (Itife), Miguel Piedras D\u00edaz detall\u00f3 que se entregaron 24 m\u00e1quinas de costura, 29 sillas y cuatro mesas de tendido, entre otros suministros.<\/p>\n\n\n\n<p>De igual forma, el director del plantel, Mart\u00edn Flores L\u00f3pez sostuvo que la educaci\u00f3n ha recibido un impulso in\u00e9dito y extraordinario por parte del gobierno de la Nueva Historia que encabeza Lorena Cu\u00e9llar.<\/p>\n\n\n\n<p>\u201cVemos el trabajo que realiza su gobierno para que todos los estudiantes de la regi\u00f3n y el estado tengan mejores oportunidades de aprendizaje, acciones que van en correlaci\u00f3n con las pol\u00edticas del presidente de M\u00e9xico, Andr\u00e9s Manuel L\u00f3pez Obrador\u201d, remarc\u00f3.<\/p>\n\n\n\n<p>En su oportunidad, los estudiantes Sof\u00eda Daniela Mart\u00ednez Luna y Eduardo S\u00e1nchez Cruz agradecieron a la mandataria local la entrega del edifico y el equipamiento, adem\u00e1s del apoyo e impulso que ha dado a la educaci\u00f3n.<\/p>\n","protected":false},"excerpt":{"rendered":"<p>*Brindar\u00e1 a los j\u00f3venes de la regi\u00f3n mayores oportunidades de desarrollo Con una inversi\u00f3n superior a los 3 millones de pesos y en beneficio de 804 estudiantes, la gobernadora de Tlaxcala, Lorena Cu\u00e9llar Cisneros, inaugur\u00f3 el edificio que albergar\u00e1 el taller de Industria del Vestido y entreg\u00f3 equipamiento para el mismo en la Secundaria T\u00e9cnica [&hellip;]<\/p>\n","protected":false},"author":4,"featured_media":84360,"comment_status":"open","ping_status":"open","sticky":false,"template":"","format":"standard","meta":{"om_disable_all_campaigns":false,"_monsterinsights_skip_tracking":false,"_monsterinsights_sitenote_active":false,"_monsterinsights_sitenote_note":"","_monsterinsights_sitenote_category":0,"jnews-multi-image_gallery":[],"jnews_single_post":{"subtitle":"","format":"standard","video":"","gallery":"","source_name":"","source_url":"","via_name":"","via_url":"","override_template":"0","override":[{"template":"1","single_blog_custom":"","parallax":"1","fullscreen":"1","layout":"right-sidebar","sidebar":"default-sidebar","second_sidebar":"default-sidebar","sticky_sidebar":"1","share_position":"top","share_float_style":"share-monocrhome","show_share_counter":"1","show_view_counter":"1","show_featured":"1","show_post_meta":"1","show_post_author":"1","show_post_author_image":"1","show_post_date":"1","post_date_format":"default","post_date_format_custom":"Y\/m\/d","show_post_category":"1","show_post_reading_time":"0","post_reading_time_wpm":"300","show_zoom_button":"0","zoom_button_out_step":"2","zoom_button_in_step":"3","show_post_tag":"1","show_prev_next_post":"1","show_popup_post":"1","number_popup_post":"1","show_author_box":"1","show_post_related":"0","show_inline_post_related":"0"}],"override_image_size":"0","image_override":[{"single_post_thumbnail_size":"crop-500","single_post_gallery_size":"crop-500"}],"trending_post":"0","trending_post_position":"meta","trending_post_label":"Trending","sponsored_post":"0","sponsored_post_label":"Sponsored by","sponsored_post_name":"","sponsored_post_url":"","sponsored_post_logo_enable":"0","sponsored_post_logo":"","sponsored_post_desc":"","disable_ad":"0"},"jnews_primary_category":{"id":""},"footnotes":""},"categories":[80,43,52],"tags":[150,110,284,96],"class_list":["post-84359","post","type-post","status-publish","format-standard","has-post-thumbnail","hentry","category-educacion","category-estado","category-gobierno-de-tlaxcala","tag-gobierno-del-estado","tag-municipios","tag-sepe","tag-tlaxcala"],"aioseo_notices":[],"_links":{"self":[{"href":"https:\/\/estado29.mx\/index.php?rest_route=\/wp\/v2\/posts\/84359","targetHints":{"allow":["GET"]}}],"collection":[{"href":"https:\/\/estado29.mx\/index.php?rest_route=\/wp\/v2\/posts"}],"about":[{"href":"https:\/\/estado29.mx\/index.php?rest_route=\/wp\/v2\/types\/post"}],"author":[{"embeddable":true,"href":"https:\/\/estado29.mx\/index.php?rest_route=\/wp\/v2\/users\/4"}],"replies":[{"embeddable":true,"href":"https:\/\/estado29.mx\/index.php?rest_route=%2Fwp%2Fv2%2Fcomments&post=84359"}],"version-history":[{"count":1,"href":"https:\/\/estado29.mx\/index.php?rest_route=\/wp\/v2\/posts\/84359\/revisions"}],"predecessor-version":[{"id":84361,"href":"https:\/\/estado29.mx\/index.php?rest_route=\/wp\/v2\/posts\/84359\/revisions\/84361"}],"wp:featuredmedia":[{"embeddable":true,"href":"https:\/\/estado29.mx\/index.php?rest_route=\/wp\/v2\/media\/84360"}],"wp:attachment":[{"href":"https:\/\/estado29.mx\/index.php?rest_route=%2Fwp%2Fv2%2Fmedia&parent=84359"}],"wp:term":[{"taxonomy":"category","embeddable":true,"href":"https:\/\/estado29.mx\/index.php?rest_route=%2Fwp%2Fv2%2Fcategories&post=84359"},{"taxonomy":"post_tag","embeddable":true,"href":"https:\/\/estado29.mx\/index.php?rest_route=%2Fwp%2Fv2%2Ftags&post=84359"}],"curies":[{"name":"wp","href":"https:\/\/api.w.org\/{rel}","templated":true}]}}