{"id":84418,"date":"2023-01-27T13:24:55","date_gmt":"2023-01-27T13:24:55","guid":{"rendered":"https:\/\/estado29.mx\/?p=84418"},"modified":"2023-01-27T13:24:55","modified_gmt":"2023-01-27T13:24:55","slug":"asigna-cecyte-mil-305-horas-a-docentes","status":"publish","type":"post","link":"https:\/\/estado29.mx\/?p=84418","title":{"rendered":"Asigna CECYTE mil 305 horas a docentes"},"content":{"rendered":"\n<p>*Tambi\u00e9n 11 puestos de funci\u00f3n directiva para CECyTE y ocho para Emsad<\/p>\n\n\n\n<p>La Direcci\u00f3n General del Colegio de Estudios Cient\u00edficos y Tecnol\u00f3gicos del Estado (Cecyte), junto con los centros de Educaci\u00f3n Media Superior a Distancia (Emsad), realiz\u00f3 los eventos p\u00fablicos del Proceso de Promoci\u00f3n con Cargos con Funci\u00f3n Directiva o de Supervisi\u00f3n en Educaci\u00f3n Media Superior y el de asignaci\u00f3n de Horas-Semana-Mes, dentro del Proceso de Admisi\u00f3n en Educaci\u00f3n Media Superior del Ciclo Escolar 2022-2023 Semestre \u201cB\u201d.<\/p>\n\n\n\n<p>Estos eventos atienden la necesidad del colegio de realizar la contrataci\u00f3n necesaria del personal docente y directivo de los planteles que as\u00ed lo requer\u00edan, por ello en este proceso se asignaron 11 cargos de funci\u00f3n directiva para los planteles Cecyte y ocho m\u00e1s para los centros Emsad.<\/p>\n\n\n\n<p>De igual manera, se asignaron mil 305 horas-semana-mes a 84 docentes que realizaron el procedimiento de evaluaci\u00f3n y cumplieron con los requisitos dictaminados por la Unidad del Sistema para la Carrera de las Maestras y los Maestros (Usicamm), instancia reguladora de car\u00e1cter federal que permite darle certeza y transparencia a dichas contrataciones.<\/p>\n\n\n\n<p>Durante su mensaje de bienvenida, el director general de la instituci\u00f3n educativa, Norberto Cervantes Contreras exhort\u00f3 a las y los beneficiados a poner en primer plano a las y los estudiantes del subsistema, pues \u201cdeben ser buenos seres humanos, deben romper los paradigmas de la ense\u00f1anza, pues ahora tienen en sus manos la oportunidad de transformar la vida de las y los j\u00f3venes\u201d.<\/p>\n\n\n\n<p>El responsable t\u00e9cnico de la Coordinaci\u00f3n, Rodrigo Cepeda Fern\u00e1ndez y en representaci\u00f3n de la coordinadora nacional de Organismos Descentralizados Estatales (ODES), de los Cecyte, Margarita Roc\u00edo Serrano Barrios mencion\u00f3 que \u201ceste es el primer paso de lo que ser\u00e1 una maravillosa experiencia, pero sobre todo una responsabilidad\u201d.<\/p>\n\n\n\n<p>Durante la ceremonia se hizo entrega de los nombramientos correspondientes, que tendr\u00e1n efectividad a partir del pr\u00f3ximo inicio del ciclo escolar.<\/p>\n\n\n\n<p>El evento cont\u00f3 con la presencia del responsable de Educaci\u00f3n Media Superior de la Delegaci\u00f3n de la Secretar\u00eda de Educaci\u00f3n P\u00fablica federal, Rub\u00e9n L\u00f3pez S\u00e1nchez; la directora de Educaci\u00f3n Media Superior y Superior en el estado, Sandra Corona Padilla; los l\u00edderes sindicales del Cecyte-Emsad, directores de \u00e1reas del colegio y docentes.<\/p>\n","protected":false},"excerpt":{"rendered":"<p>*Tambi\u00e9n 11 puestos de funci\u00f3n directiva para CECyTE y ocho para Emsad La Direcci\u00f3n General del Colegio de Estudios Cient\u00edficos y Tecnol\u00f3gicos del Estado (Cecyte), junto con los centros de Educaci\u00f3n Media Superior a Distancia (Emsad), realiz\u00f3 los eventos p\u00fablicos del Proceso de Promoci\u00f3n con Cargos con Funci\u00f3n Directiva o de Supervisi\u00f3n en Educaci\u00f3n Media [&hellip;]<\/p>\n","protected":false},"author":4,"featured_media":84419,"comment_status":"open","ping_status":"open","sticky":false,"template":"","format":"standard","meta":{"om_disable_all_campaigns":false,"_monsterinsights_skip_tracking":false,"_monsterinsights_sitenote_active":false,"_monsterinsights_sitenote_note":"","_monsterinsights_sitenote_category":0,"jnews-multi-image_gallery":[],"jnews_single_post":{"subtitle":"","format":"standard","video":"","gallery":"","source_name":"","source_url":"","via_name":"","via_url":"","override_template":"0","override":[{"template":"1","single_blog_custom":"","parallax":"1","fullscreen":"1","layout":"right-sidebar","sidebar":"default-sidebar","second_sidebar":"default-sidebar","sticky_sidebar":"1","share_position":"top","share_float_style":"share-monocrhome","show_share_counter":"1","show_view_counter":"1","show_featured":"1","show_post_meta":"1","show_post_author":"1","show_post_author_image":"1","show_post_date":"1","post_date_format":"default","post_date_format_custom":"Y\/m\/d","show_post_category":"1","show_post_reading_time":"0","post_reading_time_wpm":"300","show_zoom_button":"0","zoom_button_out_step":"2","zoom_button_in_step":"3","show_post_tag":"1","show_prev_next_post":"1","show_popup_post":"1","number_popup_post":"1","show_author_box":"1","show_post_related":"0","show_inline_post_related":"0"}],"override_image_size":"0","image_override":[{"single_post_thumbnail_size":"crop-500","single_post_gallery_size":"crop-500"}],"trending_post":"0","trending_post_position":"meta","trending_post_label":"Trending","sponsored_post":"0","sponsored_post_label":"Sponsored by","sponsored_post_name":"","sponsored_post_url":"","sponsored_post_logo_enable":"0","sponsored_post_logo":"","sponsored_post_desc":"","disable_ad":"0"},"jnews_primary_category":{"id":""},"footnotes":""},"categories":[80,43,52],"tags":[389,150,110,96],"class_list":["post-84418","post","type-post","status-publish","format-standard","has-post-thumbnail","hentry","category-educacion","category-estado","category-gobierno-de-tlaxcala","tag-cecyte","tag-gobierno-del-estado","tag-municipios","tag-tlaxcala"],"aioseo_notices":[],"_links":{"self":[{"href":"https:\/\/estado29.mx\/index.php?rest_route=\/wp\/v2\/posts\/84418","targetHints":{"allow":["GET"]}}],"collection":[{"href":"https:\/\/estado29.mx\/index.php?rest_route=\/wp\/v2\/posts"}],"about":[{"href":"https:\/\/estado29.mx\/index.php?rest_route=\/wp\/v2\/types\/post"}],"author":[{"embeddable":true,"href":"https:\/\/estado29.mx\/index.php?rest_route=\/wp\/v2\/users\/4"}],"replies":[{"embeddable":true,"href":"https:\/\/estado29.mx\/index.php?rest_route=%2Fwp%2Fv2%2Fcomments&post=84418"}],"version-history":[{"count":1,"href":"https:\/\/estado29.mx\/index.php?rest_route=\/wp\/v2\/posts\/84418\/revisions"}],"predecessor-version":[{"id":84420,"href":"https:\/\/estado29.mx\/index.php?rest_route=\/wp\/v2\/posts\/84418\/revisions\/84420"}],"wp:featuredmedia":[{"embeddable":true,"href":"https:\/\/estado29.mx\/index.php?rest_route=\/wp\/v2\/media\/84419"}],"wp:attachment":[{"href":"https:\/\/estado29.mx\/index.php?rest_route=%2Fwp%2Fv2%2Fmedia&parent=84418"}],"wp:term":[{"taxonomy":"category","embeddable":true,"href":"https:\/\/estado29.mx\/index.php?rest_route=%2Fwp%2Fv2%2Fcategories&post=84418"},{"taxonomy":"post_tag","embeddable":true,"href":"https:\/\/estado29.mx\/index.php?rest_route=%2Fwp%2Fv2%2Ftags&post=84418"}],"curies":[{"name":"wp","href":"https:\/\/api.w.org\/{rel}","templated":true}]}}