{"id":84421,"date":"2023-01-27T13:26:00","date_gmt":"2023-01-27T13:26:00","guid":{"rendered":"https:\/\/estado29.mx\/?p=84421"},"modified":"2023-01-27T13:26:01","modified_gmt":"2023-01-27T13:26:01","slug":"unidades-de-transporte-publico-deberan-cumplir-aforo-del-80-por-ciento-de-su-capacidad-smyt","status":"publish","type":"post","link":"https:\/\/estado29.mx\/?p=84421","title":{"rendered":"Unidades de transporte p\u00fablico deber\u00e1n cumplir aforo del 80 por ciento de su capacidad: SMyT"},"content":{"rendered":"\n<p>*Se refuerza la supervisi\u00f3n para que operadores cumplan con el uso correcto del cubrebocas<\/p>\n\n\n\n<p>La Secretar\u00eda de Movilidad y Transporte (SMyT) refuerza la supervisi\u00f3n de las unidades de transporte p\u00fablico, a efecto de que los operadores cumplan con las disposiciones de disminuir su aforo al 80 por ciento de capacidad, as\u00ed como implementar el uso obligatorio y correcto del cubrebocas para evitar la propagaci\u00f3n del virus Covid-19.<\/p>\n\n\n\n<p>Lo anterior, luego de que el Consejo Estatal de Salud, en sesi\u00f3n ordinaria, determin\u00f3 dichas disposiciones como medidas para combatir este virus ante la sexta ola de contagios en la entidad.<\/p>\n\n\n\n<p>Esta disposici\u00f3n del uso obligatorio de cubrebocas en las unidades de transporte p\u00fablico, contin\u00faa vigente hasta el momento, por lo que el personal de inspecci\u00f3n adscrito a la dependencia estatal supervisa que los operadores lo porten durante el tiempo que prestan el servicio y en caso de incumplimiento, ser\u00e1n sancionados conforme a lo que establece la ley en la materia.<\/p>\n\n\n\n<p>La dependencia estatal inform\u00f3 que se reforzar\u00e1n los recorridos de supervisi\u00f3n en sitios, bases y terminales para corroborar que la limpieza sea permanente en estos lugares y en las propias unidades, adem\u00e1s de que deber\u00e1n ser sanitizadas tanto al inicio como al final de la ruta, en su base.<\/p>\n\n\n\n<p>En tanto, la instituci\u00f3n hizo un llamado a los usuarios a hacer conciencia y usar de manera obligatoria y correcta el cubrebocas que deber\u00e1n mantener durante todo el trayecto que se encuentren a bordo de la unidad, ya que la interacci\u00f3n con otras personas aumenta el riesgo de contagio no s\u00f3lo para los usuarios sino tambi\u00e9n para sus familias.<\/p>\n\n\n\n<p>Cabe mencionar que la SMyT realiza supervisi\u00f3n permanente en todas las rutas del estado, por lo que las infracciones por no usar el cubrebocas por parte de los operadores de transporte p\u00fablico, se realizan de manera diaria y se reforzar\u00e1 a fin de coadyuvar con la salud de las y los tlaxcaltecas.<\/p>\n","protected":false},"excerpt":{"rendered":"<p>*Se refuerza la supervisi\u00f3n para que operadores cumplan con el uso correcto del cubrebocas La Secretar\u00eda de Movilidad y Transporte (SMyT) refuerza la supervisi\u00f3n de las unidades de transporte p\u00fablico, a efecto de que los operadores cumplan con las disposiciones de disminuir su aforo al 80 por ciento de capacidad, as\u00ed como implementar el uso [&hellip;]<\/p>\n","protected":false},"author":4,"featured_media":84422,"comment_status":"open","ping_status":"open","sticky":false,"template":"","format":"standard","meta":{"om_disable_all_campaigns":false,"_monsterinsights_skip_tracking":false,"_monsterinsights_sitenote_active":false,"_monsterinsights_sitenote_note":"","_monsterinsights_sitenote_category":0,"jnews-multi-image_gallery":[],"jnews_single_post":{"subtitle":"","format":"standard","video":"","gallery":"","source_name":"","source_url":"","via_name":"","via_url":"","override_template":"0","override":[{"template":"1","single_blog_custom":"","parallax":"1","fullscreen":"1","layout":"right-sidebar","sidebar":"default-sidebar","second_sidebar":"default-sidebar","sticky_sidebar":"1","share_position":"top","share_float_style":"share-monocrhome","show_share_counter":"1","show_view_counter":"1","show_featured":"1","show_post_meta":"1","show_post_author":"1","show_post_author_image":"1","show_post_date":"1","post_date_format":"default","post_date_format_custom":"Y\/m\/d","show_post_category":"1","show_post_reading_time":"0","post_reading_time_wpm":"300","show_zoom_button":"0","zoom_button_out_step":"2","zoom_button_in_step":"3","show_post_tag":"1","show_prev_next_post":"1","show_popup_post":"1","number_popup_post":"1","show_author_box":"1","show_post_related":"0","show_inline_post_related":"0"}],"override_image_size":"0","image_override":[{"single_post_thumbnail_size":"crop-500","single_post_gallery_size":"crop-500"}],"trending_post":"0","trending_post_position":"meta","trending_post_label":"Trending","sponsored_post":"0","sponsored_post_label":"Sponsored by","sponsored_post_name":"","sponsored_post_url":"","sponsored_post_logo_enable":"0","sponsored_post_logo":"","sponsored_post_desc":"","disable_ad":"0"},"jnews_primary_category":{"id":""},"footnotes":""},"categories":[43,52],"tags":[150,110,127,96],"class_list":["post-84421","post","type-post","status-publish","format-standard","has-post-thumbnail","hentry","category-estado","category-gobierno-de-tlaxcala","tag-gobierno-del-estado","tag-municipios","tag-smyt","tag-tlaxcala"],"aioseo_notices":[],"_links":{"self":[{"href":"https:\/\/estado29.mx\/index.php?rest_route=\/wp\/v2\/posts\/84421","targetHints":{"allow":["GET"]}}],"collection":[{"href":"https:\/\/estado29.mx\/index.php?rest_route=\/wp\/v2\/posts"}],"about":[{"href":"https:\/\/estado29.mx\/index.php?rest_route=\/wp\/v2\/types\/post"}],"author":[{"embeddable":true,"href":"https:\/\/estado29.mx\/index.php?rest_route=\/wp\/v2\/users\/4"}],"replies":[{"embeddable":true,"href":"https:\/\/estado29.mx\/index.php?rest_route=%2Fwp%2Fv2%2Fcomments&post=84421"}],"version-history":[{"count":1,"href":"https:\/\/estado29.mx\/index.php?rest_route=\/wp\/v2\/posts\/84421\/revisions"}],"predecessor-version":[{"id":84423,"href":"https:\/\/estado29.mx\/index.php?rest_route=\/wp\/v2\/posts\/84421\/revisions\/84423"}],"wp:featuredmedia":[{"embeddable":true,"href":"https:\/\/estado29.mx\/index.php?rest_route=\/wp\/v2\/media\/84422"}],"wp:attachment":[{"href":"https:\/\/estado29.mx\/index.php?rest_route=%2Fwp%2Fv2%2Fmedia&parent=84421"}],"wp:term":[{"taxonomy":"category","embeddable":true,"href":"https:\/\/estado29.mx\/index.php?rest_route=%2Fwp%2Fv2%2Fcategories&post=84421"},{"taxonomy":"post_tag","embeddable":true,"href":"https:\/\/estado29.mx\/index.php?rest_route=%2Fwp%2Fv2%2Ftags&post=84421"}],"curies":[{"name":"wp","href":"https:\/\/api.w.org\/{rel}","templated":true}]}}