{"id":84514,"date":"2023-02-01T13:25:14","date_gmt":"2023-02-01T13:25:14","guid":{"rendered":"https:\/\/estado29.mx\/?p=84514"},"modified":"2023-02-01T13:25:15","modified_gmt":"2023-02-01T13:25:15","slug":"presentan-resultados-de-la-consulta-nacional-me-escuchas-2022-en-el-congreso-del-estado","status":"publish","type":"post","link":"https:\/\/estado29.mx\/?p=84514","title":{"rendered":"Presentan resultados de la Consulta Nacional \u00bfme escuchas? 2022 en el Congreso del Estado"},"content":{"rendered":"\n<p><em>\u2022 Destac\u00f3 la participaci\u00f3n de ni\u00f1as, ni\u00f1os y adolescentes con discapacidad y pertenecientes a pueblos ind\u00edgenas.<\/em><\/p>\n\n\n\n<p>Tlaxcala, Tlax., a 31 de enero de 2023.<\/p>\n\n\n\n<p>Este martes, en el Patio Vitral del Congreso del Estado, se realiz\u00f3 el evento denominado \u201cEntrega de Resultados de la Consulta Nacional a Ni\u00f1as, Ni\u00f1os y Adolescentes: \u00bfMe escuchas? 2022\u201d en el que las y los diputados locales, junto con las titulares de los Poderes Ejecutivo y Judicial, Lorena Cu\u00e9llar Cisneros y Mary Cruz Cort\u00e9s Ornelas, respectivamente, atestiguaron los avances de este programa.<\/p>\n\n\n\n<p>El presidente de la Mesa Directiva del Congreso del Estado, el diputado Bladimir Zainos Flores, reconoci\u00f3 el compromiso de la titular del Sistema Estatal del Desarrollo Integral de la Familia (SEDIF), Mariana Espinosa de los Monteros Cu\u00e9llar, con los grupos hist\u00f3ricamente desprotegidos y vulnerados, as\u00ed como los grandes avances que ha tenido la familia DIF en Tlaxcala.<\/p>\n\n\n\n<p>Se recalc\u00f3 que la casa del pueblo se encuentra abierta para escuchar las necesidades de las infancias, a fin de contribuir en el desarrollo del Estado y hacer valer sus derechos en todo momento.<\/p>\n\n\n\n<p>Por su parte la gobernadora, Lorena Cu\u00e9llar Cisneros, enfatiz\u00f3 que gracias al trabajo en equipo que se ha gestado entre los tres poderes es como se puede sacar adelante a un estado, por lo que agradeci\u00f3 su compromiso para procurar el bien de Tlaxcala.<\/p>\n\n\n\n<p>Tambi\u00e9n dijo que para la consolidaci\u00f3n de un estado democr\u00e1tico, es necesario escuchar a las infancias tlaxcaltecas, \u201ces muy importante que las ni\u00f1as, ni\u00f1os y los adolescentes puedan dar a conocer sus pensamientos, qu\u00e9 es lo que piensan de Tlaxcala, de M\u00e9xico, del mundo, qu\u00e9 es lo que necesitamos nosotros los adultos escuchar de los ni\u00f1os para poder tomar en cuenta sus necesidades y peticiones\u201d.<\/p>\n\n\n\n<p>La presidenta honor\u00edfica del SEDIF, Mariana Espinosa de los Monteros Cu\u00e9llar, destac\u00f3 que Tlaxcala se ha posicionado de manera positiva a nivel nacional, con la implementaci\u00f3n de las Procuradur\u00edas Municipales para la Protecci\u00f3n de los Derechos de las Ni\u00f1as, Ni\u00f1os y Adolescentes, y desde los sistemas DIF se trabaja arduamente para garantizar que la voz de las infancias sea escuchada y tomada en cuenta.<\/p>\n\n\n\n<p>En este evento presentaron las propuestas de los impulsores estatales de la transformaci\u00f3n de derechos de ni\u00f1as, ni\u00f1os y adolescentes, que fueron escuchadas por las legisladoras Marcela Gonz\u00e1lez Castillo, Leticia Mart\u00ednez Cer\u00f3n, Diana Torrej\u00f3n Rodr\u00edguez, Lorena Ru\u00edz Garc\u00eda, Mar\u00eda Guillermina Loaiza Cortero, Brenda Cecilia Villantes Rodr\u00edguez y por el legislador Jaciel Gonz\u00e1lez Herrera.<\/p>\n\n\n\n<p>Tambi\u00e9n estuvo la presidenta nacional del DIF, Nuria Fern\u00e1ndez Espresate; el secretario de Educaci\u00f3n P\u00fablica en el Estado, Homero Meneses Hern\u00e1ndez; la presidenta de la &nbsp;CEDH, Jakqueline Ordo\u00f1ez Brasdefer; &nbsp;la directora de normatividad, promoci\u00f3n y difusi\u00f3n de derechos de ni\u00f1as, ni\u00f1os y adolescentes del Sistema Nacional DIF, Lizbeth Rosas Montero.<\/p>\n\n\n\n<p>As\u00ed mismo destac\u00f3 la presencia del director de difusi\u00f3n de los derechos de las ni\u00f1as, ni\u00f1os y adolescentes, Juventino Hern\u00e1ndez Mart\u00ednez; la presidenta de la CDHCDMX, Nashieli Ram\u00edrez Hern\u00e1ndez; la directora ejecutiva de educaci\u00f3n de derechos humanos, de la CDHCDMX, Palmira Silva Culebro; la directora general de SEDIF, Flor de Mar\u00eda L\u00f3pez Hinojosa; la Procuradora para la protecci\u00f3n de ni\u00f1as, ni\u00f1os y adolescentes del estado de Tlaxcala, Guadalupe Hern\u00e1ndez Montes.<\/p>\n","protected":false},"excerpt":{"rendered":"<p>\u2022 Destac\u00f3 la participaci\u00f3n de ni\u00f1as, ni\u00f1os y adolescentes con discapacidad y pertenecientes a pueblos ind\u00edgenas. Tlaxcala, Tlax., a 31 de enero de 2023. Este martes, en el Patio Vitral del Congreso del Estado, se realiz\u00f3 el evento denominado \u201cEntrega de Resultados de la Consulta Nacional a Ni\u00f1as, Ni\u00f1os y Adolescentes: \u00bfMe escuchas? 2022\u201d en [&hellip;]<\/p>\n","protected":false},"author":4,"featured_media":84515,"comment_status":"open","ping_status":"open","sticky":false,"template":"","format":"standard","meta":{"om_disable_all_campaigns":false,"_monsterinsights_skip_tracking":false,"_monsterinsights_sitenote_active":false,"_monsterinsights_sitenote_note":"","_monsterinsights_sitenote_category":0,"jnews-multi-image_gallery":[],"jnews_single_post":{"subtitle":"","format":"standard","video":"","gallery":"","source_name":"","source_url":"","via_name":"","via_url":"","override_template":"0","override":[{"template":"1","single_blog_custom":"","parallax":"1","fullscreen":"1","layout":"right-sidebar","sidebar":"default-sidebar","second_sidebar":"default-sidebar","sticky_sidebar":"1","share_position":"top","share_float_style":"share-monocrhome","show_share_counter":"1","show_view_counter":"1","show_featured":"1","show_post_meta":"1","show_post_author":"1","show_post_author_image":"1","show_post_date":"1","post_date_format":"default","post_date_format_custom":"Y\/m\/d","show_post_category":"1","show_post_reading_time":"0","post_reading_time_wpm":"300","show_zoom_button":"0","zoom_button_out_step":"2","zoom_button_in_step":"3","show_post_tag":"1","show_prev_next_post":"1","show_popup_post":"1","number_popup_post":"1","show_author_box":"1","show_post_related":"0","show_inline_post_related":"0"}],"override_image_size":"0","image_override":[{"single_post_thumbnail_size":"crop-500","single_post_gallery_size":"crop-500"}],"trending_post":"0","trending_post_position":"meta","trending_post_label":"Trending","sponsored_post":"0","sponsored_post_label":"Sponsored by","sponsored_post_name":"","sponsored_post_url":"","sponsored_post_logo_enable":"0","sponsored_post_logo":"","sponsored_post_desc":"","disable_ad":"0"},"jnews_primary_category":{"id":""},"footnotes":""},"categories":[53,52],"tags":[150,110,121,96],"class_list":["post-84514","post","type-post","status-publish","format-standard","has-post-thumbnail","hentry","category-congreso","category-gobierno-de-tlaxcala","tag-gobierno-del-estado","tag-municipios","tag-sedif","tag-tlaxcala"],"aioseo_notices":[],"_links":{"self":[{"href":"https:\/\/estado29.mx\/index.php?rest_route=\/wp\/v2\/posts\/84514","targetHints":{"allow":["GET"]}}],"collection":[{"href":"https:\/\/estado29.mx\/index.php?rest_route=\/wp\/v2\/posts"}],"about":[{"href":"https:\/\/estado29.mx\/index.php?rest_route=\/wp\/v2\/types\/post"}],"author":[{"embeddable":true,"href":"https:\/\/estado29.mx\/index.php?rest_route=\/wp\/v2\/users\/4"}],"replies":[{"embeddable":true,"href":"https:\/\/estado29.mx\/index.php?rest_route=%2Fwp%2Fv2%2Fcomments&post=84514"}],"version-history":[{"count":1,"href":"https:\/\/estado29.mx\/index.php?rest_route=\/wp\/v2\/posts\/84514\/revisions"}],"predecessor-version":[{"id":84516,"href":"https:\/\/estado29.mx\/index.php?rest_route=\/wp\/v2\/posts\/84514\/revisions\/84516"}],"wp:featuredmedia":[{"embeddable":true,"href":"https:\/\/estado29.mx\/index.php?rest_route=\/wp\/v2\/media\/84515"}],"wp:attachment":[{"href":"https:\/\/estado29.mx\/index.php?rest_route=%2Fwp%2Fv2%2Fmedia&parent=84514"}],"wp:term":[{"taxonomy":"category","embeddable":true,"href":"https:\/\/estado29.mx\/index.php?rest_route=%2Fwp%2Fv2%2Fcategories&post=84514"},{"taxonomy":"post_tag","embeddable":true,"href":"https:\/\/estado29.mx\/index.php?rest_route=%2Fwp%2Fv2%2Ftags&post=84514"}],"curies":[{"name":"wp","href":"https:\/\/api.w.org\/{rel}","templated":true}]}}